{"id":21557,"date":"2026-05-19T08:41:32","date_gmt":"2026-05-19T13:41:32","guid":{"rendered":"https:\/\/croper.com\/comunidad\/?p=21557"},"modified":"2026-08-19T14:09:39","modified_gmt":"2026-08-19T19:09:39","slug":"creditos-de-carbono-y-ganaderia-en-colombia","status":"publish","type":"post","link":"https:\/\/croper.com\/comunidad\/creditos-de-carbono-y-ganaderia-en-colombia\/","title":{"rendered":"Cr\u00e9ditos de carbono en el agro colombiano: c\u00f3mo funcionan y qu\u00e9 oportunidades tienen las fincas"},"content":{"rendered":"\n<p class=\"wp-block-paragraph\">Durante muchos a\u00f1os, hablar de sostenibilidad en el campo parec\u00eda limitarse a una conversaci\u00f3n ambiental: conservar bosques, sembrar \u00e1rboles, cuidar el agua o reducir el impacto de la producci\u00f3n.<\/p>\n\n\n\n<p class=\"wp-block-paragraph\">En 2026 esa conversaci\u00f3n es mucho m\u00e1s amplia.<\/p>\n\n\n\n<p class=\"wp-block-paragraph\">La sostenibilidad tambi\u00e9n empieza a relacionarse con acceso a mercados, financiaci\u00f3n, productividad, trazabilidad y nuevas fuentes de ingresos. Una de ellas son los <strong>cr\u00e9ditos de carbono<\/strong>, un mecanismo que busca darle un valor econ\u00f3mico a la reducci\u00f3n o captura de gases de efecto invernadero.<\/p>\n\n\n\n<p class=\"wp-block-paragraph\">Para el agro colombiano esto abre una posibilidad interesante.<\/p>\n\n\n\n<p class=\"wp-block-paragraph\">Una finca que conserva bosque, incorpora \u00e1rboles a sus potreros, recupera suelos o cambia determinadas pr\u00e1cticas productivas puede estar generando beneficios clim\u00e1ticos. Bajo ciertas condiciones, esos resultados pueden medirse, verificarse y convertirse en unidades comercializables dentro de un mercado de carbono.<\/p>\n\n\n\n<p class=\"wp-block-paragraph\">Pero hay que dejar algo claro desde el comienzo:<\/p>\n\n\n\n<p class=\"wp-block-paragraph\"><strong>sembrar \u00e1rboles o implementar una pr\u00e1ctica sostenible no significa autom\u00e1ticamente que una finca pueda vender cr\u00e9ditos de carbono.<\/strong><\/p>\n\n\n\n<p class=\"wp-block-paragraph\">Para hacerlo se requiere demostrar t\u00e9cnicamente que existe una reducci\u00f3n o captura real de emisiones, utilizar metodolog\u00edas aceptadas, realizar monitoreo y pasar por procesos de validaci\u00f3n y verificaci\u00f3n.<\/p>\n\n\n\n<p class=\"wp-block-paragraph\">Precisamente ah\u00ed est\u00e1 la diferencia entre una buena pr\u00e1ctica ambiental y un proyecto de carbono.<\/p>\n\n\n\n<p class=\"wp-block-paragraph\">La oportunidad existe. El mercado tambi\u00e9n. Pero entender c\u00f3mo funciona es fundamental antes de firmar contratos, hacer inversiones o proyectar ingresos.<\/p>\n\n\n\n<h2 class=\"wp-block-heading\">\u00bfQu\u00e9 son los cr\u00e9ditos de carbono?<\/h2>\n\n\n\n<p class=\"wp-block-paragraph\">Un cr\u00e9dito de carbono representa, de manera general, una tonelada de di\u00f3xido de carbono equivalente \u2014tCO\u2082e\u2014 que fue reducida, evitada o removida de la atm\u00f3sfera mediante una iniciativa de mitigaci\u00f3n.<\/p>\n\n\n\n<p class=\"wp-block-paragraph\">En Colombia, el Ministerio de Ambiente utiliza formalmente la expresi\u00f3n <strong>\u201ccertificado de resultados de mitigaci\u00f3n\u201d<\/strong>. Cada certificado equivale a la reducci\u00f3n o remoci\u00f3n de una tonelada de CO\u2082 equivalente. MinAmbiente tambi\u00e9n aclara que la expresi\u00f3n \u201cbonos de carbono\u201d, aunque es muy utilizada comercialmente, no es el t\u00e9rmino jur\u00eddico empleado para estos resultados.<\/p>\n\n\n\n<p class=\"wp-block-paragraph\">En t\u00e9rminos sencillos, el mecanismo funciona as\u00ed:<\/p>\n\n\n\n<ul class=\"wp-block-list\">\n<li>una actividad genera emisiones de gases de efecto invernadero;<\/li>\n\n\n\n<li>otra iniciativa consigue reducir emisiones o remover gases de la atm\u00f3sfera;<\/li>\n\n\n\n<li>ese resultado se mide;<\/li>\n\n\n\n<li>un tercero independiente verifica que efectivamente ocurri\u00f3;<\/li>\n\n\n\n<li>el resultado puede certificarse;<\/li>\n\n\n\n<li>posteriormente puede negociarse dentro de un mercado de carbono.<\/li>\n<\/ul>\n\n\n\n<p class=\"wp-block-paragraph\">Las empresas pueden adquirir estas unidades por distintas razones. Algunas lo hacen voluntariamente para gestionar su huella ambiental; otras pueden utilizarlas dentro de mecanismos regulatorios que permiten el uso de determinados resultados de mitigaci\u00f3n. En Colombia, por ejemplo, existe un mecanismo relacionado con la no causaci\u00f3n del impuesto nacional al carbono bajo condiciones espec\u00edficas.<\/p>\n\n\n\n<h3 class=\"wp-block-heading\">No todos los mercados de carbono funcionan igual<\/h3>\n\n\n\n<p class=\"wp-block-paragraph\">Existen dos grandes grupos.<\/p>\n\n\n\n<p class=\"wp-block-paragraph\"><strong>Mercados voluntarios:<\/strong> empresas, personas u organizaciones compran cr\u00e9ditos voluntariamente como parte de sus compromisos ambientales, clim\u00e1ticos o corporativos.<\/p>\n\n\n\n<p class=\"wp-block-paragraph\"><strong>Mercados regulados:<\/strong> est\u00e1n asociados a obligaciones establecidas por gobiernos o sistemas regulatorios.<\/p>\n\n\n\n<p class=\"wp-block-paragraph\">Esta diferencia es importante porque las condiciones, metodolog\u00edas y requisitos que debe cumplir un proyecto pueden cambiar dependiendo del mercado al que quiera llegar.<\/p>\n\n\n\n<h2 class=\"wp-block-heading\">\u00bfPor qu\u00e9 el agro tiene un papel tan importante?<\/h2>\n\n\n\n<p class=\"wp-block-paragraph\">La relaci\u00f3n entre agricultura, uso del suelo y cambio clim\u00e1tico funciona en dos direcciones.<\/p>\n\n\n\n<p class=\"wp-block-paragraph\">El campo genera emisiones, pero tambi\u00e9n tiene una enorme capacidad para capturar carbono y reducirlas.<\/p>\n\n\n\n<p class=\"wp-block-paragraph\">El inventario nacional presentado por IDEAM en julio de 2026 muestra que la agricultura represent\u00f3 el 21 % de las emisiones colombianas de 2024, principalmente por metano proveniente de la ganader\u00eda y \u00f3xido nitroso relacionado con los suelos agr\u00edcolas. El sector de uso del suelo y silvicultura represent\u00f3 otro 27,4 %, asociado especialmente a la deforestaci\u00f3n.<\/p>\n\n\n\n<p class=\"wp-block-paragraph\">Esto significa que una parte importante del reto clim\u00e1tico de Colombia est\u00e1 directamente relacionada con lo que ocurre en los territorios rurales.<\/p>\n\n\n\n<p class=\"wp-block-paragraph\">Pero tambi\u00e9n buena parte de las posibles soluciones.<\/p>\n\n\n\n<p class=\"wp-block-paragraph\">Los \u00e1rboles almacenan carbono. Los bosques evitan emisiones cuando son conservados. Los suelos pueden aumentar sus reservas de carbono bajo determinados manejos. Los sistemas productivos pueden reducir sus emisiones por unidad producida.<\/p>\n\n\n\n<p class=\"wp-block-paragraph\">Por eso el agro comienza a tener una posici\u00f3n estrat\u00e9gica dentro de la llamada econom\u00eda baja en carbono.<\/p>\n\n\n\n<h2 class=\"wp-block-heading\">\u00bfC\u00f3mo puede una finca generar cr\u00e9ditos de carbono?<\/h2>\n\n\n\n<p class=\"wp-block-paragraph\">Esta es probablemente la pregunta que m\u00e1s interesa a un productor.<\/p>\n\n\n\n<p class=\"wp-block-paragraph\">Y la respuesta no es simplemente: \u201csembrando \u00e1rboles\u201d.<\/p>\n\n\n\n<p class=\"wp-block-paragraph\">Existen diferentes actividades rurales que <strong>podr\u00edan formar parte de iniciativas de mitigaci\u00f3n<\/strong>, dependiendo de la metodolog\u00eda utilizada y de la capacidad del proyecto para demostrar resultados.<\/p>\n\n\n\n<p class=\"wp-block-paragraph\">Entre ellas pueden estar:<\/p>\n\n\n\n<ul class=\"wp-block-list\">\n<li>reforestaci\u00f3n;<\/li>\n\n\n\n<li>restauraci\u00f3n de \u00e1reas degradadas;<\/li>\n\n\n\n<li>conservaci\u00f3n de bosque;<\/li>\n\n\n\n<li>reducci\u00f3n de la deforestaci\u00f3n;<\/li>\n\n\n\n<li>establecimiento de sistemas agroforestales;<\/li>\n\n\n\n<li>implementaci\u00f3n de sistemas silvopastoriles;<\/li>\n\n\n\n<li>cambios en determinadas pr\u00e1cticas agr\u00edcolas;<\/li>\n\n\n\n<li>recuperaci\u00f3n y manejo de suelos;<\/li>\n\n\n\n<li>proyectos que disminuyan emisiones de gases de efecto invernadero;<\/li>\n\n\n\n<li>acciones que incrementen las remociones de carbono.<\/li>\n<\/ul>\n\n\n\n<p class=\"wp-block-paragraph\">Sin embargo, para generar cr\u00e9ditos comercializables hay una palabra especialmente importante:<\/p>\n\n\n\n<p class=\"wp-block-paragraph\"><strong>adicionalidad.<\/strong><\/p>\n\n\n\n<h3 class=\"wp-block-heading\">\u00bfQu\u00e9 significa que un proyecto sea \u201cadicional\u201d?<\/h3>\n\n\n\n<p class=\"wp-block-paragraph\">Supongamos que una finca ya ten\u00eda 20 hect\u00e1reas de bosque protegidas desde hace d\u00e9cadas y, adem\u00e1s, existe una obligaci\u00f3n legal de conservarlas.<\/p>\n\n\n\n<p class=\"wp-block-paragraph\">No necesariamente puede decir:<\/p>\n\n\n\n<p class=\"wp-block-paragraph\">\u201cComo tengo bosque, quiero vender cr\u00e9ditos por todo ese carbono\u201d.<\/p>\n\n\n\n<p class=\"wp-block-paragraph\">Un proyecto debe demostrar que el resultado clim\u00e1tico es adicional a lo que habr\u00eda ocurrido sin la intervenci\u00f3n.<\/p>\n\n\n\n<p class=\"wp-block-paragraph\">MinAmbiente explica que la adicionalidad busca demostrar que la reducci\u00f3n o remoci\u00f3n de emisiones <strong>no habr\u00eda ocurrido de todas maneras<\/strong> en el escenario habitual. Si una actividad iba a realizarse independientemente del proyecto o corresponde simplemente al cumplimiento de una obligaci\u00f3n existente, adjudicarle cr\u00e9ditos puede no representar un beneficio clim\u00e1tico adicional.<\/p>\n\n\n\n<p class=\"wp-block-paragraph\">Por eso, entrar al mercado de carbono exige mucho m\u00e1s que identificar \u00e1rboles dentro de una finca.<\/p>\n\n\n\n<h2 class=\"wp-block-heading\">El camino de una finca hasta vender un cr\u00e9dito de carbono<\/h2>\n\n\n\n<p class=\"wp-block-paragraph\">Aunque cada metodolog\u00eda tiene sus propias reglas, es posible entender el proceso mediante una secuencia general.<\/p>\n\n\n\n<h3 class=\"wp-block-heading\">1. Identificar el potencial de la finca<\/h3>\n\n\n\n<p class=\"wp-block-paragraph\">Primero debe analizarse qu\u00e9 actividades podr\u00edan generar reducciones o remociones de gases.<\/p>\n\n\n\n<p class=\"wp-block-paragraph\">Por ejemplo:<\/p>\n\n\n\n<ul class=\"wp-block-list\">\n<li>pasar de potrero abierto a sistema silvopastoril;<\/li>\n\n\n\n<li>restaurar una zona degradada;<\/li>\n\n\n\n<li>establecer \u00e1rboles;<\/li>\n\n\n\n<li>conservar una zona amenazada por deforestaci\u00f3n;<\/li>\n\n\n\n<li>implementar determinadas pr\u00e1cticas regenerativas.<\/li>\n<\/ul>\n\n\n\n<p class=\"wp-block-paragraph\">En esta etapa todav\u00eda no hay cr\u00e9ditos.<\/p>\n\n\n\n<p class=\"wp-block-paragraph\">Hay una <strong>posibilidad de proyecto<\/strong>.<\/p>\n\n\n\n<h3 class=\"wp-block-heading\">2. Definir una l\u00ednea base<\/h3>\n\n\n\n<p class=\"wp-block-paragraph\">Despu\u00e9s se necesita responder una pregunta:<\/p>\n\n\n\n<p class=\"wp-block-paragraph\"><strong>\u00bfQu\u00e9 habr\u00eda ocurrido si el proyecto no se hubiera realizado?<\/strong><\/p>\n\n\n\n<p class=\"wp-block-paragraph\">Ese escenario sirve como punto de comparaci\u00f3n.<\/p>\n\n\n\n<p class=\"wp-block-paragraph\">Si el proyecto logra demostrar que, frente a esa l\u00ednea base, redujo emisiones o captur\u00f3 carbono adicional, comienza a existir un resultado cuantificable.<\/p>\n\n\n\n<h3 class=\"wp-block-heading\">3. Utilizar una metodolog\u00eda reconocida<\/h3>\n\n\n\n<p class=\"wp-block-paragraph\">No se puede simplemente calcular el n\u00famero de \u00e1rboles, multiplicarlo por una cifra tomada de internet y decir que se generaron cr\u00e9ditos.<\/p>\n\n\n\n<p class=\"wp-block-paragraph\">Los proyectos deben seguir metodolog\u00edas que establecen c\u00f3mo realizar los c\u00e1lculos y c\u00f3mo monitorear los resultados.<\/p>\n\n\n\n<p class=\"wp-block-paragraph\">En Colombia, MinAmbiente establece requisitos sobre metodolog\u00edas, programas de gases de efecto invernadero, registros p\u00fablicos y verificaci\u00f3n independiente para determinados usos de los resultados de mitigaci\u00f3n.<\/p>\n\n\n\n<h3 class=\"wp-block-heading\">4. Medir y monitorear<\/h3>\n\n\n\n<p class=\"wp-block-paragraph\">Aqu\u00ed entra uno de los componentes m\u00e1s t\u00e9cnicos del negocio del carbono.<\/p>\n\n\n\n<p class=\"wp-block-paragraph\">Puede ser necesario registrar informaci\u00f3n sobre:<\/p>\n\n\n\n<ul class=\"wp-block-list\">\n<li>\u00e1rea del proyecto;<\/li>\n\n\n\n<li>coberturas vegetales;<\/li>\n\n\n\n<li>\u00e1rboles establecidos;<\/li>\n\n\n\n<li>cambios de uso del suelo;<\/li>\n\n\n\n<li>biomasa;<\/li>\n\n\n\n<li>caracter\u00edsticas del suelo;<\/li>\n\n\n\n<li>pr\u00e1cticas productivas;<\/li>\n\n\n\n<li>emisiones;<\/li>\n\n\n\n<li>permanencia del proyecto.<\/li>\n<\/ul>\n\n\n\n<p class=\"wp-block-paragraph\">En algunos proyectos pueden utilizarse visitas de campo, im\u00e1genes satelitales, sensores, inventarios forestales y otras herramientas.<\/p>\n\n\n\n<p class=\"wp-block-paragraph\">Lo importante es que los resultados puedan demostrarse.<\/p>\n\n\n\n<h3 class=\"wp-block-heading\">5. Validar y verificar<\/h3>\n\n\n\n<p class=\"wp-block-paragraph\">La iniciativa pasa por auditor\u00edas realizadas por organismos independientes.<\/p>\n\n\n\n<p class=\"wp-block-paragraph\">MinAmbiente se\u00f1ala que los organismos de validaci\u00f3n y verificaci\u00f3n eval\u00faan de manera independiente la conformidad de las iniciativas y deben cumplir requisitos de acreditaci\u00f3n.<\/p>\n\n\n\n<p class=\"wp-block-paragraph\">Esta etapa busca darle confianza al comprador.<\/p>\n\n\n\n<p class=\"wp-block-paragraph\">No basta con que el propietario de la finca diga cu\u00e1nto carbono captur\u00f3.<\/p>\n\n\n\n<p class=\"wp-block-paragraph\">Debe existir evidencia verificable.<\/p>\n\n\n\n<h3 class=\"wp-block-heading\">6. Registrar los resultados<\/h3>\n\n\n\n<p class=\"wp-block-paragraph\">Una vez cumplidos los requisitos correspondientes, los resultados se registran dentro de los sistemas aplicables al programa o est\u00e1ndar utilizado.<\/p>\n\n\n\n<p class=\"wp-block-paragraph\">Esto ayuda a evitar problemas como que una misma tonelada de carbono sea vendida varias veces.<\/p>\n\n\n\n<h3 class=\"wp-block-heading\">7. Comercializar los cr\u00e9ditos<\/h3>\n\n\n\n<p class=\"wp-block-paragraph\">Finalmente, los certificados pueden negociarse.<\/p>\n\n\n\n<p class=\"wp-block-paragraph\">Y aqu\u00ed aparece otra realidad del mercado:<\/p>\n\n\n\n<p class=\"wp-block-paragraph\"><strong>el precio no es fijo.<\/strong><\/p>\n\n\n\n<p class=\"wp-block-paragraph\">Puede depender del tipo de proyecto, est\u00e1ndar utilizado, calidad percibida, beneficios adicionales, comprador y condiciones de mercado. MinAmbiente se\u00f1ala que, especialmente en mercados voluntarios, los precios pueden surgir de negociaciones privadas entre comprador y vendedor.<\/p>\n\n\n\n<h2 class=\"wp-block-heading\">Ganader\u00eda regenerativa y carbono: por qu\u00e9 hay tanto inter\u00e9s<\/h2>\n\n\n\n<p class=\"wp-block-paragraph\">La ganader\u00eda tiene un reto particular.<\/p>\n\n\n\n<p class=\"wp-block-paragraph\">Seg\u00fan el inventario nacional de emisiones, el metano proveniente de la actividad ganadera es una de las principales fuentes dentro del sector agr\u00edcola colombiano.<\/p>\n\n\n\n<p class=\"wp-block-paragraph\">Por eso existe cada vez m\u00e1s inter\u00e9s en modelos capaces de producir carne o leche mientras recuperan los ecosistemas donde se desarrolla la actividad.<\/p>\n\n\n\n<p class=\"wp-block-paragraph\">Dentro de esta conversaci\u00f3n aparece la <strong>ganader\u00eda regenerativa<\/strong>, que suele incorporar pr\u00e1cticas como:<\/p>\n\n\n\n<ul class=\"wp-block-list\">\n<li>manejo planificado de potreros;<\/li>\n\n\n\n<li>rotaci\u00f3n del ganado;<\/li>\n\n\n\n<li>recuperaci\u00f3n de suelos;<\/li>\n\n\n\n<li>incorporaci\u00f3n de \u00e1rboles;<\/li>\n\n\n\n<li>protecci\u00f3n de fuentes de agua;<\/li>\n\n\n\n<li>mejoramiento de pasturas;<\/li>\n\n\n\n<li>corredores de biodiversidad;<\/li>\n\n\n\n<li>sistemas silvopastoriles.<\/li>\n<\/ul>\n\n\n\n<p class=\"wp-block-paragraph\">El objetivo no es dejar de producir.<\/p>\n\n\n\n<p class=\"wp-block-paragraph\">Es producir de otra manera.<\/p>\n\n\n\n<p class=\"wp-block-paragraph\">Una finca ganadera convencional puede tener grandes \u00e1reas de potrero pr\u00e1cticamente sin \u00e1rboles. En un sistema silvopastoril, en cambio, la producci\u00f3n ganadera se integra con componentes arb\u00f3reos, arbustivos y pasturas.<\/p>\n\n\n\n<p class=\"wp-block-paragraph\">Colombia ya cuenta con experiencias importantes en este campo.<\/p>\n\n\n\n<p class=\"wp-block-paragraph\">El proyecto Ganader\u00eda Colombiana Sostenible, desarrollado con participaci\u00f3n de Fedeg\u00e1n, CIPAV, Fondo Acci\u00f3n, The Nature Conservancy, entidades del Gobierno y cooperaci\u00f3n internacional, trabaj\u00f3 con 4.100 familias ganaderas en cerca de 160.000 hect\u00e1reas. Fedeg\u00e1n reporta que el proyecto estableci\u00f3 34.468 hect\u00e1reas de sistemas silvopastoriles y captur\u00f3 aproximadamente 1,5 millones de toneladas de CO\u2082 equivalente.<\/p>\n\n\n\n<p class=\"wp-block-paragraph\">Pero quiz\u00e1s uno de los datos m\u00e1s interesantes para el productor es que los beneficios no fueron solamente ambientales.<\/p>\n\n\n\n<p class=\"wp-block-paragraph\">Fedeg\u00e1n report\u00f3 aumentos del 23 % en carga animal, 36,2 % en producci\u00f3n de leche y 17 % en rendimiento de forraje dentro del proyecto.<\/p>\n\n\n\n<p class=\"wp-block-paragraph\">Esto permite entender por qu\u00e9 la sostenibilidad empieza a verse menos como un costo y m\u00e1s como una transformaci\u00f3n productiva.<\/p>\n\n\n\n<h2 class=\"wp-block-heading\">Sistemas silvopastoriles: ganado y \u00e1rboles en el mismo terreno<\/h2>\n\n\n\n<p class=\"wp-block-paragraph\">Un sistema silvopastoril integra deliberadamente ganado, pasturas, \u00e1rboles y, en algunos casos, arbustos dentro de un mismo sistema productivo.<\/p>\n\n\n\n<p class=\"wp-block-paragraph\">Para alguien acostumbrado al potrero completamente despejado, sembrar \u00e1rboles donde pastorea el ganado podr\u00eda parecer una p\u00e9rdida de \u00e1rea.<\/p>\n\n\n\n<p class=\"wp-block-paragraph\">Sin embargo, bien dise\u00f1ado, el sistema busca justamente lo contrario: mejorar el funcionamiento de la finca.<\/p>\n\n\n\n<p class=\"wp-block-paragraph\">Los \u00e1rboles pueden aportar:<\/p>\n\n\n\n<ul class=\"wp-block-list\">\n<li>sombra;<\/li>\n\n\n\n<li>regulaci\u00f3n del microclima;<\/li>\n\n\n\n<li>materia org\u00e1nica;<\/li>\n\n\n\n<li>protecci\u00f3n del suelo;<\/li>\n\n\n\n<li>conectividad ecol\u00f3gica;<\/li>\n\n\n\n<li>almacenamiento de carbono.<\/li>\n<\/ul>\n\n\n\n<p class=\"wp-block-paragraph\">Las cercas vivas tambi\u00e9n pueden reemplazar parte de la infraestructura convencional y, al mismo tiempo, formar corredores dentro del paisaje.<\/p>\n\n\n\n<p class=\"wp-block-paragraph\">En el caso del proyecto Ganader\u00eda Colombiana Sostenible, la reconversi\u00f3n incluy\u00f3 sistemas silvopastoriles intensivos, \u00e1rboles dispersos en potreros y cercas vivas, adem\u00e1s de conservaci\u00f3n de bosques maduros y secundarios.<\/p>\n\n\n\n<p class=\"wp-block-paragraph\">Esto demuestra algo importante:<\/p>\n\n\n\n<p class=\"wp-block-paragraph\"><strong>capturar carbono no necesariamente significa sacar la tierra de producci\u00f3n.<\/strong><\/p>\n\n\n\n<p class=\"wp-block-paragraph\">En algunos modelos, conservaci\u00f3n y productividad pueden convivir en el mismo predio.<\/p>\n\n\n\n<h2 class=\"wp-block-heading\">\u00bfCu\u00e1nto dinero puede ganar una finca vendiendo carbono?<\/h2>\n\n\n\n<p class=\"wp-block-paragraph\">Esta probablemente sea la pregunta m\u00e1s dif\u00edcil de responder.<\/p>\n\n\n\n<p class=\"wp-block-paragraph\">Y cualquier respuesta del tipo:<\/p>\n\n\n\n<p class=\"wp-block-paragraph\">\u201cUna hect\u00e1rea genera X pesos al a\u00f1o\u201d<\/p>\n\n\n\n<p class=\"wp-block-paragraph\">deber\u00eda mirarse con cuidado.<\/p>\n\n\n\n<p class=\"wp-block-paragraph\">No existe un precio universal por hect\u00e1rea.<\/p>\n\n\n\n<p class=\"wp-block-paragraph\">Tampoco existe una cantidad fija de cr\u00e9ditos que produzca cualquier finca.<\/p>\n\n\n\n<p class=\"wp-block-paragraph\">El ingreso depende, entre otros factores, de:<\/p>\n\n\n\n<ul class=\"wp-block-list\">\n<li>n\u00famero real de toneladas verificadas;<\/li>\n\n\n\n<li>metodolog\u00eda;<\/li>\n\n\n\n<li>tipo de proyecto;<\/li>\n\n\n\n<li>\u00e1rea;<\/li>\n\n\n\n<li>escenario de referencia;<\/li>\n\n\n\n<li>permanencia;<\/li>\n\n\n\n<li>costos de monitoreo;<\/li>\n\n\n\n<li>costos de validaci\u00f3n y verificaci\u00f3n;<\/li>\n\n\n\n<li>participaci\u00f3n de intermediarios;<\/li>\n\n\n\n<li>condiciones del contrato;<\/li>\n\n\n\n<li>precio negociado del cr\u00e9dito.<\/li>\n<\/ul>\n\n\n\n<p class=\"wp-block-paragraph\">Una manera sencilla de verlo ser\u00eda:<\/p>\n\n\n\n<p class=\"wp-block-paragraph\"><strong>Ingreso bruto = cr\u00e9ditos efectivamente emitidos \u00d7 precio de venta<\/strong><\/p>\n\n\n\n<p class=\"wp-block-paragraph\">Pero despu\u00e9s deben descontarse los costos asociados a desarrollar y mantener la iniciativa.<\/p>\n\n\n\n<p class=\"wp-block-paragraph\">Por eso es muy diferente decir:<\/p>\n\n\n\n<p class=\"wp-block-paragraph\">\u201cmi finca captura carbono\u201d<\/p>\n\n\n\n<p class=\"wp-block-paragraph\">a decir:<\/p>\n\n\n\n<p class=\"wp-block-paragraph\">\u201cmi finca tiene un proyecto econ\u00f3micamente viable de generaci\u00f3n de cr\u00e9ditos\u201d.<\/p>\n\n\n\n<h3 class=\"wp-block-heading\">\u00bfEs realmente un mercado grande?<\/h3>\n\n\n\n<p class=\"wp-block-paragraph\">S\u00ed, aunque conviene diferenciar el mercado de cr\u00e9ditos de carbono del universo mucho m\u00e1s amplio de instrumentos de precio al carbono.<\/p>\n\n\n\n<p class=\"wp-block-paragraph\">El Banco Mundial report\u00f3 en su informe <em>State and Trends of Carbon Pricing 2026<\/em> que los mecanismos directos de precio al carbono ya cubren cerca del 30 % de las emisiones globales y movilizaron m\u00e1s de USD 107.000 millones hacia presupuestos p\u00fablicos durante 2025. En el segmento espec\u00edfico de cr\u00e9ditos, la emisi\u00f3n de cr\u00e9ditos aument\u00f3 8 % entre 2024 y 2025.<\/p>\n\n\n\n<p class=\"wp-block-paragraph\">Eso no significa que esos USD 107.000 millones correspondan al dinero disponible para agricultores.<\/p>\n\n\n\n<p class=\"wp-block-paragraph\">Son mercados e instrumentos diferentes.<\/p>\n\n\n\n<p class=\"wp-block-paragraph\">Tambi\u00e9n hay que tener presente que el Banco Mundial report\u00f3 una ligera ca\u00edda de los precios de cr\u00e9ditos durante 2025, aunque proyectos de conservaci\u00f3n forestal y reforestaci\u00f3n con mejores calificaciones siguieron obteniendo primas de precio.<\/p>\n\n\n\n<p class=\"wp-block-paragraph\">La conclusi\u00f3n para una finca es sencilla:<\/p>\n\n\n\n<p class=\"wp-block-paragraph\"><strong>el carbono puede tener valor, pero la calidad del proyecto importa. Mucho.<\/strong><\/p>\n\n\n\n<h2 class=\"wp-block-heading\">Colombia y el mercado de carbono en 2026<\/h2>\n\n\n\n<p class=\"wp-block-paragraph\">Colombia no est\u00e1 empezando de cero.<\/p>\n\n\n\n<p class=\"wp-block-paragraph\">El pa\u00eds cuenta con instrumentos relacionados con mercados voluntarios, iniciativas de mitigaci\u00f3n, registros y el mecanismo de no causaci\u00f3n del impuesto nacional al carbono. MinAmbiente reconoce tanto mercados voluntarios como regulados y establece condiciones para determinados certificados y usos.<\/p>\n\n\n\n<p class=\"wp-block-paragraph\">Pero el marco contin\u00faa evolucionando.<\/p>\n\n\n\n<p class=\"wp-block-paragraph\">Entre el 3 y el 17 de junio de 2026, el Ministerio de Ambiente someti\u00f3 a consulta p\u00fablica un proyecto normativo destinado a reglamentar parcialmente el art\u00edculo 22 de la Ley 2169 de 2021 y desarrollar condiciones, criterios y un marco institucional para los mercados de carbono en Colombia.<\/p>\n\n\n\n<p class=\"wp-block-paragraph\">Para los productores esto tiene una implicaci\u00f3n importante:<\/p>\n\n\n\n<p class=\"wp-block-paragraph\">si alguien ofrece estructurar hoy un proyecto de carbono, no basta con preguntar cu\u00e1nto dinero promete pagar.<\/p>\n\n\n\n<p class=\"wp-block-paragraph\">Tambi\u00e9n hay que revisar qu\u00e9 est\u00e1ndar utilizar\u00e1, bajo qu\u00e9 normativa operar\u00e1 y qu\u00e9 obligaciones asumir\u00e1 el propietario.<\/p>\n\n\n\n<h2 class=\"wp-block-heading\">El contrato puede ser tan importante como los \u00e1rboles<\/h2>\n\n\n\n<p class=\"wp-block-paragraph\">Este es uno de los puntos que m\u00e1s deber\u00eda revisar un productor.<\/p>\n\n\n\n<p class=\"wp-block-paragraph\">Los proyectos de carbono pueden tener horizontes largos.<\/p>\n\n\n\n<p class=\"wp-block-paragraph\">Eso significa que un contrato firmado hoy podr\u00eda comprometer decisiones futuras sobre una finca.<\/p>\n\n\n\n<p class=\"wp-block-paragraph\">Antes de firmar, conviene entender claramente:<\/p>\n\n\n\n<ul class=\"wp-block-list\">\n<li>qui\u00e9n ser\u00e1 titular de los cr\u00e9ditos;<\/li>\n\n\n\n<li>cu\u00e1nto dura el acuerdo;<\/li>\n\n\n\n<li>qu\u00e9 porcentaje del ingreso recibe el productor;<\/li>\n\n\n\n<li>qui\u00e9n paga la estructuraci\u00f3n;<\/li>\n\n\n\n<li>qui\u00e9n paga las auditor\u00edas;<\/li>\n\n\n\n<li>qui\u00e9n asume el riesgo si no se generan los cr\u00e9ditos esperados;<\/li>\n\n\n\n<li>qui\u00e9n puede vender los cr\u00e9ditos;<\/li>\n\n\n\n<li>a qu\u00e9 precio;<\/li>\n\n\n\n<li>si existe exclusividad;<\/li>\n\n\n\n<li>qu\u00e9 ocurre si se vende la finca;<\/li>\n\n\n\n<li>qu\u00e9 obligaciones de conservaci\u00f3n quedan sobre el predio;<\/li>\n\n\n\n<li>qu\u00e9 sucede si un incendio, sequ\u00eda u otro evento afecta el carbono almacenado;<\/li>\n\n\n\n<li>qui\u00e9n es due\u00f1o de la informaci\u00f3n recopilada.<\/li>\n<\/ul>\n\n\n\n<p class=\"wp-block-paragraph\">El propio Ministerio de Ambiente recomienda que quienes eval\u00faan este tipo de iniciativas soliciten informaci\u00f3n escrita, conozcan a la entidad que desarrolla el proyecto y revisen cuidadosamente las posibles afectaciones sobre propiedad de la tierra y uso de los recursos naturales.<\/p>\n\n\n\n<p class=\"wp-block-paragraph\">Una promesa de ingresos altos nunca deber\u00eda reemplazar esa revisi\u00f3n.<\/p>\n\n\n\n<h2 class=\"wp-block-heading\">El gran reto para el peque\u00f1o productor<\/h2>\n\n\n\n<p class=\"wp-block-paragraph\">Para una finca grande puede ser viable contratar especialistas, realizar inventarios y cubrir los costos del proceso.<\/p>\n\n\n\n<p class=\"wp-block-paragraph\">Para un peque\u00f1o productor puede ser mucho m\u00e1s dif\u00edcil.<\/p>\n\n\n\n<p class=\"wp-block-paragraph\">Medir, monitorear, validar y verificar tiene costos.<\/p>\n\n\n\n<p class=\"wp-block-paragraph\">Por eso una de las oportunidades para asociaciones, cooperativas, gremios y empresas del sector agro est\u00e1 en <strong>agrupar productores<\/strong>.<\/p>\n\n\n\n<p class=\"wp-block-paragraph\">En lugar de estructurar un proyecto para una sola finca de 10 hect\u00e1reas, podr\u00eda estructurarse una iniciativa con decenas o cientos de predios que implementen pr\u00e1cticas compatibles.<\/p>\n\n\n\n<p class=\"wp-block-paragraph\">As\u00ed pueden distribuirse ciertos costos y aumentar la escala del proyecto.<\/p>\n\n\n\n<p class=\"wp-block-paragraph\">No significa que cualquier agrupaci\u00f3n vaya a funcionar.<\/p>\n\n\n\n<p class=\"wp-block-paragraph\">Pero abre una puerta especialmente relevante para el agro colombiano, donde buena parte de la producci\u00f3n est\u00e1 fragmentada entre peque\u00f1os y medianos productores.<\/p>\n\n\n\n<h2 class=\"wp-block-heading\">\u00bfQu\u00e9 deber\u00eda preguntarse una finca antes de entrar?<\/h2>\n\n\n\n<p class=\"wp-block-paragraph\">Antes de pensar cu\u00e1nto podr\u00eda recibir por carbono, conviene responder preguntas m\u00e1s b\u00e1sicas.<\/p>\n\n\n\n<h3 class=\"wp-block-heading\">\u00bfQu\u00e9 estoy haciendo diferente?<\/h3>\n\n\n\n<p class=\"wp-block-paragraph\">Debe existir una acci\u00f3n concreta que genere una reducci\u00f3n o remoci\u00f3n adicional.<\/p>\n\n\n\n<h3 class=\"wp-block-heading\">\u00bfTengo informaci\u00f3n de mi finca?<\/h3>\n\n\n\n<p class=\"wp-block-paragraph\">\u00c1rea, coberturas, producci\u00f3n, ubicaci\u00f3n, uso del suelo y registros hist\u00f3ricos pueden ser importantes.<\/p>\n\n\n\n<p class=\"wp-block-paragraph\">La trazabilidad comienza a tener valor.<\/p>\n\n\n\n<h3 class=\"wp-block-heading\">\u00bfCu\u00e1nto tiempo estoy dispuesto a comprometerme?<\/h3>\n\n\n\n<p class=\"wp-block-paragraph\">Los proyectos relacionados con \u00e1rboles y conservaci\u00f3n no se dise\u00f1an normalmente pensando en unos pocos meses.<\/p>\n\n\n\n<h3 class=\"wp-block-heading\">\u00bfEntiendo el contrato?<\/h3>\n\n\n\n<p class=\"wp-block-paragraph\">Si la respuesta es no, no deber\u00eda firmarse todav\u00eda.<\/p>\n\n\n\n<h3 class=\"wp-block-heading\">\u00bfQui\u00e9n certificar\u00e1 y verificar\u00e1?<\/h3>\n\n\n\n<p class=\"wp-block-paragraph\">Debe existir claridad sobre las metodolog\u00edas y terceros involucrados.<\/p>\n\n\n\n<h3 class=\"wp-block-heading\">\u00bfC\u00f3mo recibir\u00e9 los ingresos?<\/h3>\n\n\n\n<p class=\"wp-block-paragraph\">El productor debe entender la distribuci\u00f3n de beneficios y todos los costos descontados antes de recibir su participaci\u00f3n.<\/p>\n\n\n\n<h3 class=\"wp-block-heading\">\u00bfQu\u00e9 pasa si el proyecto no produce los cr\u00e9ditos esperados?<\/h3>\n\n\n\n<p class=\"wp-block-paragraph\">Este escenario tambi\u00e9n debe estar contemplado.<\/p>\n\n\n\n<h2 class=\"wp-block-heading\">Sostenibilidad, trazabilidad y acceso a mercados<\/h2>\n\n\n\n<p class=\"wp-block-paragraph\">El carbono es solamente una parte de una transformaci\u00f3n m\u00e1s grande.<\/p>\n\n\n\n<p class=\"wp-block-paragraph\">Cada vez tiene m\u00e1s importancia demostrar c\u00f3mo se produce.<\/p>\n\n\n\n<p class=\"wp-block-paragraph\">Para una finca, comenzar a registrar informaci\u00f3n relacionada con pr\u00e1cticas productivas, \u00e1reas protegidas, coberturas, aplicaciones, producci\u00f3n y manejo del suelo no sirve \u00fanicamente para un eventual proyecto de carbono.<\/p>\n\n\n\n<p class=\"wp-block-paragraph\">Tambi\u00e9n fortalece la gesti\u00f3n.<\/p>\n\n\n\n<p class=\"wp-block-paragraph\">Una finca con datos puede entender mejor:<\/p>\n\n\n\n<ul class=\"wp-block-list\">\n<li>costos;<\/li>\n\n\n\n<li>productividad;<\/li>\n\n\n\n<li>evoluci\u00f3n de sus cultivos;<\/li>\n\n\n\n<li>uso de insumos;<\/li>\n\n\n\n<li>cumplimiento de actividades;<\/li>\n\n\n\n<li>trazabilidad.<\/li>\n<\/ul>\n\n\n\n<p class=\"wp-block-paragraph\">El carbono puede convertirse en una raz\u00f3n adicional para digitalizar esa informaci\u00f3n.<\/p>\n\n\n\n<p class=\"wp-block-paragraph\">Y quiz\u00e1s ese sea uno de los cambios m\u00e1s importantes para el productor rural en los pr\u00f3ximos a\u00f1os.<\/p>\n\n\n\n<p class=\"wp-block-paragraph\">La finca deja de ser \u00fanicamente un lugar donde se producen kilos, litros o toneladas.<\/p>\n\n\n\n<p class=\"wp-block-paragraph\">Tambi\u00e9n empieza a generar informaci\u00f3n sobre el impacto con el que se producen.<\/p>\n\n\n\n<h2 class=\"wp-block-heading\">J\u00f3venes rurales y la nueva econom\u00eda ambiental<\/h2>\n\n\n\n<p class=\"wp-block-paragraph\">Para las nuevas generaciones del campo, esta transformaci\u00f3n abre espacios que antes pr\u00e1cticamente no exist\u00edan.<\/p>\n\n\n\n<p class=\"wp-block-paragraph\">El agro seguir\u00e1 necesitando productores, agr\u00f3nomos, veterinarios y t\u00e9cnicos.<\/p>\n\n\n\n<p class=\"wp-block-paragraph\">Pero tambi\u00e9n empieza a demandar personas capaces de trabajar en:<\/p>\n\n\n\n<ul class=\"wp-block-list\">\n<li>sistemas de informaci\u00f3n geogr\u00e1fica;<\/li>\n\n\n\n<li>drones;<\/li>\n\n\n\n<li>im\u00e1genes satelitales;<\/li>\n\n\n\n<li>medici\u00f3n ambiental;<\/li>\n\n\n\n<li>an\u00e1lisis de datos;<\/li>\n\n\n\n<li>restauraci\u00f3n;<\/li>\n\n\n\n<li>agricultura regenerativa;<\/li>\n\n\n\n<li>inventarios forestales;<\/li>\n\n\n\n<li>trazabilidad;<\/li>\n\n\n\n<li>mercados ambientales.<\/li>\n<\/ul>\n\n\n\n<p class=\"wp-block-paragraph\">Es una nueva mezcla entre campo, tecnolog\u00eda y sostenibilidad.<\/p>\n\n\n\n<p class=\"wp-block-paragraph\">Un joven rural puede conocer perfectamente c\u00f3mo funciona una finca y, al mismo tiempo, aprender a utilizar herramientas digitales para demostrar lo que ocurre dentro de ella.<\/p>\n\n\n\n<p class=\"wp-block-paragraph\">Ese conocimiento puede convertirse en una ventaja competitiva.<\/p>\n\n\n\n<h2 class=\"wp-block-heading\">Entonces, \u00bfpueden los cr\u00e9ditos de carbono convertirse en un nuevo negocio para el campo?<\/h2>\n\n\n\n<p class=\"wp-block-paragraph\">S\u00ed, pero probablemente no de la manera simplificada en que a veces se presentan.<\/p>\n\n\n\n<p class=\"wp-block-paragraph\">Los cr\u00e9ditos de carbono no son una recompensa autom\u00e1tica por tener una finca verde.<\/p>\n\n\n\n<p class=\"wp-block-paragraph\">Tampoco son un pago garantizado por sembrar \u00e1rboles.<\/p>\n\n\n\n<p class=\"wp-block-paragraph\">Son el resultado de un proceso que necesita demostrar que existe una reducci\u00f3n o captura real, adicional, cuantificable y verificable de gases de efecto invernadero.<\/p>\n\n\n\n<p class=\"wp-block-paragraph\">Para algunas fincas, el carbono podr\u00e1 convertirse en una fuente complementaria de ingresos.<\/p>\n\n\n\n<p class=\"wp-block-paragraph\">Para otras, el beneficio principal puede estar en mejorar productividad, suelo, agua, biodiversidad o acceso a mercados.<\/p>\n\n\n\n<p class=\"wp-block-paragraph\">Y en muchos casos probablemente ocurran ambas cosas.<\/p>\n\n\n\n<p class=\"wp-block-paragraph\">Colombia tiene un territorio donde agricultura, ganader\u00eda, bosques y biodiversidad conviven a gran escala. Al mismo tiempo, casi la mitad de las emisiones nacionales de 2024 provinieron de la suma de agricultura y uso del suelo y silvicultura, lo que deja claro el papel que tiene el campo dentro de la transici\u00f3n clim\u00e1tica del pa\u00eds.<\/p>\n\n\n\n<p class=\"wp-block-paragraph\">Por eso el debate ya no deber\u00eda ser simplemente si el agro debe ser sostenible.<\/p>\n\n\n\n<p class=\"wp-block-paragraph\">La pregunta es:<\/p>\n\n\n\n<p class=\"wp-block-paragraph\"><strong>\u00bfc\u00f3mo hacemos para que producir de manera m\u00e1s sostenible tambi\u00e9n genere valor para quien vive y trabaja en el territorio?<\/strong><\/p>\n\n\n\n<p class=\"wp-block-paragraph\">Los mercados de carbono pueden ser una de las respuestas.<\/p>\n\n\n\n<p class=\"wp-block-paragraph\">No ser\u00e1n la \u00fanica.<\/p>\n\n\n\n<p class=\"wp-block-paragraph\">Pero si se construyen con reglas claras, medici\u00f3n seria, contratos transparentes y una distribuci\u00f3n justa de beneficios, pueden ayudar a que conservar un bosque, recuperar un suelo o transformar un sistema ganadero deje de verse \u00fanicamente como un costo.<\/p>\n\n\n\n<p class=\"wp-block-paragraph\">Y se convierta tambi\u00e9n en una inversi\u00f3n productiva para el futuro del campo colombiano.<\/p>\n\n\n\n<h2 class=\"wp-block-heading\">\u00bfQu\u00e9 es un cr\u00e9dito de carbono?<\/h2>\n\n\n\n<p class=\"wp-block-paragraph\">Un cr\u00e9dito de carbono representa generalmente una tonelada de di\u00f3xido de carbono equivalente que ha sido reducida, evitada o removida de la atm\u00f3sfera. En Colombia, MinAmbiente utiliza el t\u00e9rmino \u201ccertificado de resultados de mitigaci\u00f3n\u201d para referirse formalmente a estas unidades.<\/p>\n\n\n\n<h2 class=\"wp-block-heading\">\u00bfUna finca puede vender cr\u00e9ditos de carbono?<\/h2>\n\n\n\n<p class=\"wp-block-paragraph\">S\u00ed, siempre que participe en una iniciativa que cumpla los requisitos correspondientes y pueda demostrar reducciones o remociones de gases de efecto invernadero de manera cuantificable, verificable y adicional. Tener \u00e1rboles o conservar un \u00e1rea no produce autom\u00e1ticamente cr\u00e9ditos de carbono.<\/p>\n\n\n\n<h2 class=\"wp-block-heading\">\u00bfSembrar \u00e1rboles genera cr\u00e9ditos de carbono?<\/h2>\n\n\n\n<p class=\"wp-block-paragraph\">Puede formar parte de un proyecto, pero sembrar \u00e1rboles por s\u00ed solo no garantiza la generaci\u00f3n de cr\u00e9ditos. El proyecto debe utilizar una metodolog\u00eda v\u00e1lida, establecer una l\u00ednea base, demostrar adicionalidad y pasar por procesos de monitoreo y verificaci\u00f3n.<\/p>\n\n\n\n<h2 class=\"wp-block-heading\">\u00bfLa ganader\u00eda puede generar cr\u00e9ditos de carbono?<\/h2>\n\n\n\n<p class=\"wp-block-paragraph\">Determinados proyectos ganaderos pueden generar reducciones o remociones verificables mediante cambios en el sistema productivo. Los sistemas silvopastoriles son especialmente relevantes porque integran producci\u00f3n ganadera con \u00e1rboles y otras coberturas vegetales. En Colombia ya existen experiencias de ganader\u00eda sostenible que han medido captura de carbono y mejoras productivas.<\/p>\n\n\n\n<h2 class=\"wp-block-heading\">\u00bfCu\u00e1nto pagan por un cr\u00e9dito de carbono?<\/h2>\n\n\n\n<p class=\"wp-block-paragraph\">No existe un precio \u00fanico. En los mercados voluntarios, el valor puede variar seg\u00fan el tipo y calidad del proyecto, est\u00e1ndar, comprador y condiciones de oferta y demanda. El Banco Mundial report\u00f3 que los precios de cr\u00e9ditos se redujeron ligeramente durante 2025, aunque proyectos forestales de alta calidad continuaron obteniendo primas.<\/p>\n\n\n\n<h2 class=\"wp-block-heading\">\u00bfUn peque\u00f1o productor puede participar?<\/h2>\n\n\n\n<p class=\"wp-block-paragraph\">Puede hacerlo, aunque los costos t\u00e9cnicos de estructuraci\u00f3n, medici\u00f3n y verificaci\u00f3n pueden dificultar proyectos individuales peque\u00f1os. Por ello, los esquemas agrupados mediante asociaciones, cooperativas u otros proyectos colectivos pueden convertirse en una alternativa para alcanzar mayor escala.<\/p>\n\n\n\n<h2 class=\"wp-block-heading\">\u00bfQu\u00e9 debe revisar un productor antes de firmar un contrato de carbono?<\/h2>\n\n\n\n<p class=\"wp-block-paragraph\">Debe entender qui\u00e9n ser\u00e1 due\u00f1o de los cr\u00e9ditos, cu\u00e1nto durar\u00e1 el acuerdo, c\u00f3mo se distribuir\u00e1n los ingresos, qu\u00e9 costos ser\u00e1n descontados, qu\u00e9 obligaciones adquirir\u00e1 sobre el predio, qu\u00e9 ocurre si vende la finca y qui\u00e9n asume los riesgos del proyecto. MinAmbiente recomienda revisar especialmente las implicaciones sobre propiedad y uso de los recursos naturales.<\/p>\n\n\n\n<p class=\"wp-block-paragraph\"><strong>Redactado por <br><\/strong><br><strong>Sayed Suarez Chavez<\/strong><br><strong>Usuario:<\/strong>&nbsp;@Sayed Suarez Chavez<br><strong>Correo:<\/strong>&nbsp;ssuarez@croper.com<br><strong>LinkedIn:<\/strong><a href=\"https:\/\/www.linkedin.com\/in\/mar%C3%ADa-alejandra-buritic%C3%A1-marketing?utm_source=share_via&amp;utm_content=profile&amp;utm_medium=member_ios\">&nbsp;<\/a><a href=\"https:\/\/www.linkedin.com\/in\/sayed-olav-su%C3%A1rez\/\">Sayed Olav Su\u00e1rez | LinkedIn<\/a><\/p>\n\n\n\n<p class=\"wp-block-paragraph\">Estratega y estructurador de negocios. Valores, an\u00e1lisis y acci\u00f3n son los pilares de mi perfil personal y profesional. Llevo 16 a\u00f1os construyendo una carrera que me permita generar un impacto positivo en la sociedad, desde obtener lo mejor de cada uno de los miembros de los equipos de trabajo a los que pertenezco hasta dise\u00f1ar pol\u00edticas a nivel nacional. Tengo experiencia en Gerencia de empresas, an\u00e1lisis de inversi\u00f3n, estructuraci\u00f3n de negocios y consultor\u00eda en diferentes sectores econ\u00f3micos con un impacto significativo en mis retos asumidos en el sector Agro.<\/p>\n","protected":false},"excerpt":{"rendered":"<p>Durante muchos a\u00f1os, hablar de sostenibilidad en el campo parec\u00eda limitarse a una conversaci\u00f3n ambiental: conservar bosques, sembrar \u00e1rboles, cuidar el agua o reducir el impacto de la producci\u00f3n. En 2026 esa conversaci\u00f3n es mucho m\u00e1s amplia. La sostenibilidad tambi\u00e9n empieza a relacionarse con acceso a mercados, financiaci\u00f3n, productividad, trazabilidad y nuevas fuentes de ingresos. [&hellip;]<\/p>\n","protected":false},"author":1198,"featured_media":21988,"comment_status":"open","ping_status":"open","sticky":false,"template":"","format":"standard","meta":{"footnotes":""},"categories":[6],"tags":[],"class_list":["post-21557","post","type-post","status-publish","format-standard","has-post-thumbnail","hentry","category-agricultura"],"yoast_head":"<!-- This site is optimized with the Yoast SEO plugin v27.9 - https:\/\/yoast.com\/product\/yoast-seo-wordpress\/ -->\n<title>Cr\u00e9ditos de carbono y ganader\u00eda en Colombia<\/title>\n<meta name=\"description\" content=\"Los cr\u00e9ditos de carbono y la ganader\u00eda regenerativa empiezan a transformar el agro colombiano. Conozca c\u00f3mo las fincas generan ingresos\" \/>\n<meta name=\"robots\" content=\"index, follow, max-snippet:-1, max-image-preview:large, max-video-preview:-1\" \/>\n<link rel=\"canonical\" href=\"https:\/\/croper.com\/comunidad\/creditos-de-carbono-y-ganaderia-en-colombia\/\" \/>\n<meta property=\"og:locale\" content=\"es_ES\" \/>\n<meta property=\"og:type\" content=\"article\" \/>\n<meta property=\"og:title\" content=\"Cr\u00e9ditos de carbono y ganader\u00eda en Colombia\" \/>\n<meta property=\"og:description\" content=\"Los cr\u00e9ditos de carbono y la ganader\u00eda regenerativa empiezan a transformar el agro colombiano. Conozca c\u00f3mo las fincas generan ingresos\" \/>\n<meta property=\"og:url\" content=\"https:\/\/croper.com\/comunidad\/creditos-de-carbono-y-ganaderia-en-colombia\/\" \/>\n<meta property=\"og:site_name\" content=\"Croper News\" \/>\n<meta property=\"article:publisher\" content=\"https:\/\/www.facebook.com\/Croper.co\" \/>\n<meta property=\"article:published_time\" content=\"2026-05-19T13:41:32+00:00\" \/>\n<meta property=\"article:modified_time\" content=\"2026-08-19T19:09:39+00:00\" \/>\n<meta property=\"og:image\" content=\"https:\/\/cdn.community.croper.com\/2026\/05\/Creditos-de-carbono-y-ganaderia-en-Colombia.webp\" \/>\n\t<meta property=\"og:image:width\" content=\"474\" \/>\n\t<meta property=\"og:image:height\" content=\"316\" \/>\n\t<meta property=\"og:image:type\" content=\"image\/webp\" \/>\n<meta name=\"author\" content=\"Sayed Suarez Chavez\" \/>\n<meta name=\"twitter:card\" content=\"summary_large_image\" \/>\n<meta name=\"twitter:label1\" content=\"Escrito por\" \/>\n\t<meta name=\"twitter:data1\" content=\"Sayed Suarez Chavez\" \/>\n\t<meta name=\"twitter:label2\" content=\"Tiempo de lectura\" \/>\n\t<meta name=\"twitter:data2\" content=\"17 minutos\" \/>\n<script type=\"application\/ld+json\" class=\"yoast-schema-graph\">{\"@context\":\"https:\\\/\\\/schema.org\",\"@graph\":[{\"@type\":[\"Article\",\"BlogPosting\"],\"@id\":\"https:\\\/\\\/croper.com\\\/comunidad\\\/creditos-de-carbono-y-ganaderia-en-colombia\\\/#article\",\"isPartOf\":{\"@id\":\"https:\\\/\\\/croper.com\\\/comunidad\\\/creditos-de-carbono-y-ganaderia-en-colombia\\\/\"},\"author\":{\"name\":\"Sayed Suarez Chavez\",\"@id\":\"https:\\\/\\\/croper.com\\\/comunidad\\\/#\\\/schema\\\/person\\\/15136e6dcb3a344c9cd2648a068e87d5\"},\"headline\":\"Cr\u00e9ditos de carbono en el agro colombiano: c\u00f3mo funcionan y qu\u00e9 oportunidades tienen las fincas\",\"datePublished\":\"2026-05-19T13:41:32+00:00\",\"dateModified\":\"2026-08-19T19:09:39+00:00\",\"mainEntityOfPage\":{\"@id\":\"https:\\\/\\\/croper.com\\\/comunidad\\\/creditos-de-carbono-y-ganaderia-en-colombia\\\/\"},\"wordCount\":3990,\"commentCount\":0,\"publisher\":{\"@id\":\"https:\\\/\\\/croper.com\\\/comunidad\\\/#organization\"},\"image\":{\"@id\":\"https:\\\/\\\/croper.com\\\/comunidad\\\/creditos-de-carbono-y-ganaderia-en-colombia\\\/#primaryimage\"},\"thumbnailUrl\":\"https:\\\/\\\/cdn.community.croper.com\\\/2026\\\/05\\\/Creditos-de-carbono-y-ganaderia-en-Colombia.webp\",\"articleSection\":[\"Agricultura\"],\"inLanguage\":\"es\",\"potentialAction\":[{\"@type\":\"CommentAction\",\"name\":\"Comment\",\"target\":[\"https:\\\/\\\/croper.com\\\/comunidad\\\/creditos-de-carbono-y-ganaderia-en-colombia\\\/#respond\"]}]},{\"@type\":\"WebPage\",\"@id\":\"https:\\\/\\\/croper.com\\\/comunidad\\\/creditos-de-carbono-y-ganaderia-en-colombia\\\/\",\"url\":\"https:\\\/\\\/croper.com\\\/comunidad\\\/creditos-de-carbono-y-ganaderia-en-colombia\\\/\",\"name\":\"Cr\u00e9ditos de carbono y ganader\u00eda en Colombia\",\"isPartOf\":{\"@id\":\"https:\\\/\\\/croper.com\\\/comunidad\\\/#website\"},\"primaryImageOfPage\":{\"@id\":\"https:\\\/\\\/croper.com\\\/comunidad\\\/creditos-de-carbono-y-ganaderia-en-colombia\\\/#primaryimage\"},\"image\":{\"@id\":\"https:\\\/\\\/croper.com\\\/comunidad\\\/creditos-de-carbono-y-ganaderia-en-colombia\\\/#primaryimage\"},\"thumbnailUrl\":\"https:\\\/\\\/cdn.community.croper.com\\\/2026\\\/05\\\/Creditos-de-carbono-y-ganaderia-en-Colombia.webp\",\"datePublished\":\"2026-05-19T13:41:32+00:00\",\"dateModified\":\"2026-08-19T19:09:39+00:00\",\"description\":\"Los cr\u00e9ditos de carbono y la ganader\u00eda regenerativa empiezan a transformar el agro colombiano. Conozca c\u00f3mo las fincas generan ingresos\",\"breadcrumb\":{\"@id\":\"https:\\\/\\\/croper.com\\\/comunidad\\\/creditos-de-carbono-y-ganaderia-en-colombia\\\/#breadcrumb\"},\"inLanguage\":\"es\",\"potentialAction\":[{\"@type\":\"ReadAction\",\"target\":[\"https:\\\/\\\/croper.com\\\/comunidad\\\/creditos-de-carbono-y-ganaderia-en-colombia\\\/\"]}]},{\"@type\":\"ImageObject\",\"inLanguage\":\"es\",\"@id\":\"https:\\\/\\\/croper.com\\\/comunidad\\\/creditos-de-carbono-y-ganaderia-en-colombia\\\/#primaryimage\",\"url\":\"https:\\\/\\\/cdn.community.croper.com\\\/2026\\\/05\\\/Creditos-de-carbono-y-ganaderia-en-Colombia.webp\",\"contentUrl\":\"https:\\\/\\\/cdn.community.croper.com\\\/2026\\\/05\\\/Creditos-de-carbono-y-ganaderia-en-Colombia.webp\",\"width\":474,\"height\":316,\"caption\":\"Cr\u00e9ditos de carbono y ganader\u00eda en Colombia: el negocio verde que podr\u00eda transformar el campo\"},{\"@type\":\"BreadcrumbList\",\"@id\":\"https:\\\/\\\/croper.com\\\/comunidad\\\/creditos-de-carbono-y-ganaderia-en-colombia\\\/#breadcrumb\",\"itemListElement\":[{\"@type\":\"ListItem\",\"position\":1,\"name\":\"Inicio\",\"item\":\"https:\\\/\\\/croper.com\\\/comunidad\\\/\"},{\"@type\":\"ListItem\",\"position\":2,\"name\":\"Agricultura\",\"item\":\"https:\\\/\\\/croper.com\\\/comunidad\\\/categoria\\\/agricultura\\\/\"},{\"@type\":\"ListItem\",\"position\":3,\"name\":\"Cr\u00e9ditos de carbono en el agro colombiano: c\u00f3mo funcionan y qu\u00e9 oportunidades tienen las fincas\"}]},{\"@type\":\"WebSite\",\"@id\":\"https:\\\/\\\/croper.com\\\/comunidad\\\/#website\",\"url\":\"https:\\\/\\\/croper.com\\\/comunidad\\\/\",\"name\":\"Croper\",\"description\":\"Inf\u00f3rmate sobre agricultura, ganader\u00eda y econom\u00eda rural en Colombia. Noticias del agro actualizadas y casos de \u00e9xito del campo colombiano en Croper News.\",\"publisher\":{\"@id\":\"https:\\\/\\\/croper.com\\\/comunidad\\\/#organization\"},\"alternateName\":\"Croper Noticias: Informaci\u00f3n actualizada del Agro en Colombia\",\"potentialAction\":[{\"@type\":\"SearchAction\",\"target\":{\"@type\":\"EntryPoint\",\"urlTemplate\":\"https:\\\/\\\/croper.com\\\/comunidad\\\/?s={search_term_string}\"},\"query-input\":{\"@type\":\"PropertyValueSpecification\",\"valueRequired\":true,\"valueName\":\"search_term_string\"}}],\"inLanguage\":\"es\"},{\"@type\":\"Organization\",\"@id\":\"https:\\\/\\\/croper.com\\\/comunidad\\\/#organization\",\"name\":\"Croper\",\"alternateName\":\"Noticias del Agro\",\"url\":\"https:\\\/\\\/croper.com\\\/comunidad\\\/\",\"logo\":{\"@type\":\"ImageObject\",\"inLanguage\":\"es\",\"@id\":\"https:\\\/\\\/croper.com\\\/comunidad\\\/#\\\/schema\\\/logo\\\/image\\\/\",\"url\":\"https:\\\/\\\/cdn.community.croper.com\\\/2024\\\/07\\\/logo_nav-9c5b157b89dc75b64332b82a499d60afafb8109c059d2d1a271453db30fcb14f.svg\",\"contentUrl\":\"https:\\\/\\\/cdn.community.croper.com\\\/2024\\\/07\\\/logo_nav-9c5b157b89dc75b64332b82a499d60afafb8109c059d2d1a271453db30fcb14f.svg\",\"width\":1104,\"height\":201,\"caption\":\"Croper\"},\"image\":{\"@id\":\"https:\\\/\\\/croper.com\\\/comunidad\\\/#\\\/schema\\\/logo\\\/image\\\/\"},\"sameAs\":[\"https:\\\/\\\/www.facebook.com\\\/Croper.co\",\"https:\\\/\\\/es.linkedin.com\\\/company\\\/agrofuturo\",\"https:\\\/\\\/www.instagram.com\\\/croper.co\\\/\",\"https:\\\/\\\/www.youtube.com\\\/channel\\\/UCaginzzd0hPCTB4Ka7rdZ_A\"]},{\"@type\":\"Person\",\"@id\":\"https:\\\/\\\/croper.com\\\/comunidad\\\/#\\\/schema\\\/person\\\/15136e6dcb3a344c9cd2648a068e87d5\",\"name\":\"Sayed Suarez Chavez\",\"image\":{\"@type\":\"ImageObject\",\"inLanguage\":\"es\",\"@id\":\"https:\\\/\\\/secure.gravatar.com\\\/avatar\\\/d150e9b7f820c124618a6b2e11d20665d53e3dad4637f4b40cdf837e562ed193?s=96&d=mm&r=g\",\"url\":\"https:\\\/\\\/secure.gravatar.com\\\/avatar\\\/d150e9b7f820c124618a6b2e11d20665d53e3dad4637f4b40cdf837e562ed193?s=96&d=mm&r=g\",\"contentUrl\":\"https:\\\/\\\/secure.gravatar.com\\\/avatar\\\/d150e9b7f820c124618a6b2e11d20665d53e3dad4637f4b40cdf837e562ed193?s=96&d=mm&r=g\",\"caption\":\"Sayed Suarez Chavez\"},\"url\":\"https:\\\/\\\/croper.com\\\/comunidad\\\/author\\\/sayed-suarez-chavez\\\/\"}]}<\/script>\n<!-- \/ Yoast SEO plugin. -->","yoast_head_json":{"title":"Cr\u00e9ditos de carbono y ganader\u00eda en Colombia","description":"Los cr\u00e9ditos de carbono y la ganader\u00eda regenerativa empiezan a transformar el agro colombiano. Conozca c\u00f3mo las fincas generan ingresos","robots":{"index":"index","follow":"follow","max-snippet":"max-snippet:-1","max-image-preview":"max-image-preview:large","max-video-preview":"max-video-preview:-1"},"canonical":"https:\/\/croper.com\/comunidad\/creditos-de-carbono-y-ganaderia-en-colombia\/","og_locale":"es_ES","og_type":"article","og_title":"Cr\u00e9ditos de carbono y ganader\u00eda en Colombia","og_description":"Los cr\u00e9ditos de carbono y la ganader\u00eda regenerativa empiezan a transformar el agro colombiano. Conozca c\u00f3mo las fincas generan ingresos","og_url":"https:\/\/croper.com\/comunidad\/creditos-de-carbono-y-ganaderia-en-colombia\/","og_site_name":"Croper News","article_publisher":"https:\/\/www.facebook.com\/Croper.co","article_published_time":"2026-05-19T13:41:32+00:00","article_modified_time":"2026-08-19T19:09:39+00:00","og_image":[{"width":474,"height":316,"url":"https:\/\/cdn.community.croper.com\/2026\/05\/Creditos-de-carbono-y-ganaderia-en-Colombia.webp","type":"image\/webp"}],"author":"Sayed Suarez Chavez","twitter_card":"summary_large_image","twitter_misc":{"Escrito por":"Sayed Suarez Chavez","Tiempo de lectura":"17 minutos"},"schema":{"@context":"https:\/\/schema.org","@graph":[{"@type":["Article","BlogPosting"],"@id":"https:\/\/croper.com\/comunidad\/creditos-de-carbono-y-ganaderia-en-colombia\/#article","isPartOf":{"@id":"https:\/\/croper.com\/comunidad\/creditos-de-carbono-y-ganaderia-en-colombia\/"},"author":{"name":"Sayed Suarez Chavez","@id":"https:\/\/croper.com\/comunidad\/#\/schema\/person\/15136e6dcb3a344c9cd2648a068e87d5"},"headline":"Cr\u00e9ditos de carbono en el agro colombiano: c\u00f3mo funcionan y qu\u00e9 oportunidades tienen las fincas","datePublished":"2026-05-19T13:41:32+00:00","dateModified":"2026-08-19T19:09:39+00:00","mainEntityOfPage":{"@id":"https:\/\/croper.com\/comunidad\/creditos-de-carbono-y-ganaderia-en-colombia\/"},"wordCount":3990,"commentCount":0,"publisher":{"@id":"https:\/\/croper.com\/comunidad\/#organization"},"image":{"@id":"https:\/\/croper.com\/comunidad\/creditos-de-carbono-y-ganaderia-en-colombia\/#primaryimage"},"thumbnailUrl":"https:\/\/cdn.community.croper.com\/2026\/05\/Creditos-de-carbono-y-ganaderia-en-Colombia.webp","articleSection":["Agricultura"],"inLanguage":"es","potentialAction":[{"@type":"CommentAction","name":"Comment","target":["https:\/\/croper.com\/comunidad\/creditos-de-carbono-y-ganaderia-en-colombia\/#respond"]}]},{"@type":"WebPage","@id":"https:\/\/croper.com\/comunidad\/creditos-de-carbono-y-ganaderia-en-colombia\/","url":"https:\/\/croper.com\/comunidad\/creditos-de-carbono-y-ganaderia-en-colombia\/","name":"Cr\u00e9ditos de carbono y ganader\u00eda en Colombia","isPartOf":{"@id":"https:\/\/croper.com\/comunidad\/#website"},"primaryImageOfPage":{"@id":"https:\/\/croper.com\/comunidad\/creditos-de-carbono-y-ganaderia-en-colombia\/#primaryimage"},"image":{"@id":"https:\/\/croper.com\/comunidad\/creditos-de-carbono-y-ganaderia-en-colombia\/#primaryimage"},"thumbnailUrl":"https:\/\/cdn.community.croper.com\/2026\/05\/Creditos-de-carbono-y-ganaderia-en-Colombia.webp","datePublished":"2026-05-19T13:41:32+00:00","dateModified":"2026-08-19T19:09:39+00:00","description":"Los cr\u00e9ditos de carbono y la ganader\u00eda regenerativa empiezan a transformar el agro colombiano. Conozca c\u00f3mo las fincas generan ingresos","breadcrumb":{"@id":"https:\/\/croper.com\/comunidad\/creditos-de-carbono-y-ganaderia-en-colombia\/#breadcrumb"},"inLanguage":"es","potentialAction":[{"@type":"ReadAction","target":["https:\/\/croper.com\/comunidad\/creditos-de-carbono-y-ganaderia-en-colombia\/"]}]},{"@type":"ImageObject","inLanguage":"es","@id":"https:\/\/croper.com\/comunidad\/creditos-de-carbono-y-ganaderia-en-colombia\/#primaryimage","url":"https:\/\/cdn.community.croper.com\/2026\/05\/Creditos-de-carbono-y-ganaderia-en-Colombia.webp","contentUrl":"https:\/\/cdn.community.croper.com\/2026\/05\/Creditos-de-carbono-y-ganaderia-en-Colombia.webp","width":474,"height":316,"caption":"Cr\u00e9ditos de carbono y ganader\u00eda en Colombia: el negocio verde que podr\u00eda transformar el campo"},{"@type":"BreadcrumbList","@id":"https:\/\/croper.com\/comunidad\/creditos-de-carbono-y-ganaderia-en-colombia\/#breadcrumb","itemListElement":[{"@type":"ListItem","position":1,"name":"Inicio","item":"https:\/\/croper.com\/comunidad\/"},{"@type":"ListItem","position":2,"name":"Agricultura","item":"https:\/\/croper.com\/comunidad\/categoria\/agricultura\/"},{"@type":"ListItem","position":3,"name":"Cr\u00e9ditos de carbono en el agro colombiano: c\u00f3mo funcionan y qu\u00e9 oportunidades tienen las fincas"}]},{"@type":"WebSite","@id":"https:\/\/croper.com\/comunidad\/#website","url":"https:\/\/croper.com\/comunidad\/","name":"Croper","description":"Inf\u00f3rmate sobre agricultura, ganader\u00eda y econom\u00eda rural en Colombia. Noticias del agro actualizadas y casos de \u00e9xito del campo colombiano en Croper News.","publisher":{"@id":"https:\/\/croper.com\/comunidad\/#organization"},"alternateName":"Croper Noticias: Informaci\u00f3n actualizada del Agro en Colombia","potentialAction":[{"@type":"SearchAction","target":{"@type":"EntryPoint","urlTemplate":"https:\/\/croper.com\/comunidad\/?s={search_term_string}"},"query-input":{"@type":"PropertyValueSpecification","valueRequired":true,"valueName":"search_term_string"}}],"inLanguage":"es"},{"@type":"Organization","@id":"https:\/\/croper.com\/comunidad\/#organization","name":"Croper","alternateName":"Noticias del Agro","url":"https:\/\/croper.com\/comunidad\/","logo":{"@type":"ImageObject","inLanguage":"es","@id":"https:\/\/croper.com\/comunidad\/#\/schema\/logo\/image\/","url":"https:\/\/cdn.community.croper.com\/2024\/07\/logo_nav-9c5b157b89dc75b64332b82a499d60afafb8109c059d2d1a271453db30fcb14f.svg","contentUrl":"https:\/\/cdn.community.croper.com\/2024\/07\/logo_nav-9c5b157b89dc75b64332b82a499d60afafb8109c059d2d1a271453db30fcb14f.svg","width":1104,"height":201,"caption":"Croper"},"image":{"@id":"https:\/\/croper.com\/comunidad\/#\/schema\/logo\/image\/"},"sameAs":["https:\/\/www.facebook.com\/Croper.co","https:\/\/es.linkedin.com\/company\/agrofuturo","https:\/\/www.instagram.com\/croper.co\/","https:\/\/www.youtube.com\/channel\/UCaginzzd0hPCTB4Ka7rdZ_A"]},{"@type":"Person","@id":"https:\/\/croper.com\/comunidad\/#\/schema\/person\/15136e6dcb3a344c9cd2648a068e87d5","name":"Sayed Suarez Chavez","image":{"@type":"ImageObject","inLanguage":"es","@id":"https:\/\/secure.gravatar.com\/avatar\/d150e9b7f820c124618a6b2e11d20665d53e3dad4637f4b40cdf837e562ed193?s=96&d=mm&r=g","url":"https:\/\/secure.gravatar.com\/avatar\/d150e9b7f820c124618a6b2e11d20665d53e3dad4637f4b40cdf837e562ed193?s=96&d=mm&r=g","contentUrl":"https:\/\/secure.gravatar.com\/avatar\/d150e9b7f820c124618a6b2e11d20665d53e3dad4637f4b40cdf837e562ed193?s=96&d=mm&r=g","caption":"Sayed Suarez Chavez"},"url":"https:\/\/croper.com\/comunidad\/author\/sayed-suarez-chavez\/"}]}},"_links":{"self":[{"href":"https:\/\/croper.com\/comunidad\/wp-json\/wp\/v2\/posts\/21557","targetHints":{"allow":["GET"]}}],"collection":[{"href":"https:\/\/croper.com\/comunidad\/wp-json\/wp\/v2\/posts"}],"about":[{"href":"https:\/\/croper.com\/comunidad\/wp-json\/wp\/v2\/types\/post"}],"author":[{"embeddable":true,"href":"https:\/\/croper.com\/comunidad\/wp-json\/wp\/v2\/users\/1198"}],"replies":[{"embeddable":true,"href":"https:\/\/croper.com\/comunidad\/wp-json\/wp\/v2\/comments?post=21557"}],"version-history":[{"count":2,"href":"https:\/\/croper.com\/comunidad\/wp-json\/wp\/v2\/posts\/21557\/revisions"}],"predecessor-version":[{"id":21990,"href":"https:\/\/croper.com\/comunidad\/wp-json\/wp\/v2\/posts\/21557\/revisions\/21990"}],"wp:featuredmedia":[{"embeddable":true,"href":"https:\/\/croper.com\/comunidad\/wp-json\/wp\/v2\/media\/21988"}],"wp:attachment":[{"href":"https:\/\/croper.com\/comunidad\/wp-json\/wp\/v2\/media?parent=21557"}],"wp:term":[{"taxonomy":"category","embeddable":true,"href":"https:\/\/croper.com\/comunidad\/wp-json\/wp\/v2\/categories?post=21557"},{"taxonomy":"post_tag","embeddable":true,"href":"https:\/\/croper.com\/comunidad\/wp-json\/wp\/v2\/tags?post=21557"}],"curies":[{"name":"wp","href":"https:\/\/api.w.org\/{rel}","templated":true}]}}