{"id":20035,"date":"2025-06-04T09:50:23","date_gmt":"2025-06-04T14:50:23","guid":{"rendered":"https:\/\/croper.com\/comunidad\/?p=20035"},"modified":"2025-06-04T09:50:30","modified_gmt":"2025-06-04T14:50:30","slug":"cadena-carnica-bovina-en-colombia","status":"publish","type":"post","link":"https:\/\/croper.com\/comunidad\/cadena-carnica-bovina-en-colombia\/","title":{"rendered":"Plan Ganadero Colombia 2045: C\u00f3mo aprovechar las oportunidades del sector c\u00e1rnico bovino"},"content":{"rendered":"\n<p>Cadena c\u00e1rnica bovina en Colombia. La ganader\u00eda bovina es uno de los pilares m\u00e1s importantes del sector agropecuario colombiano. Con m\u00e1s de <strong>29,5 millones de cabezas de ganado distribuidas en 613.000 predios<\/strong>, esta actividad representa el 20 % del PIB agropecuario y genera m\u00e1s de <strong>1 mill\u00f3n de empleos directos<\/strong>. En este contexto, el nuevo <strong>Plan de Ordenamiento Productivo (POP)<\/strong> para la cadena c\u00e1rnica bovina se convierte en una hoja de ruta clave para transformar el campo colombiano.<\/p>\n\n\n\n<h3 class=\"wp-block-heading\">\u00bfQu\u00e9 es el Plan de Ordenamiento Productivo (POP)?<\/h3>\n\n\n\n<p>Es una pol\u00edtica p\u00fablica desarrollada por el Ministerio de Agricultura y la Unidad de Planificaci\u00f3n Rural Agropecuaria (UPRA), que define las principales apuestas de desarrollo para la producci\u00f3n de carne bovina en Colombia durante los pr\u00f3ximos 20 a\u00f1os.<\/p>\n\n\n\n<p>El objetivo del POP es claro: aumentar la eficiencia, sostenibilidad y formalizaci\u00f3n de la ganader\u00eda nacional, priorizando el uso de tecnolog\u00edas, la planificaci\u00f3n territorial y el acceso a mercados formales.<\/p>\n\n\n\n<h3 class=\"wp-block-heading\">Metas clave del plan ganadero<\/h3>\n\n\n\n<p>Estas son algunas de las proyecciones y metas m\u00e1s destacadas del POP:<\/p>\n\n\n\n<ul class=\"wp-block-list\">\n<li><strong>Incrementar la producci\u00f3n de carne en 78 %<\/strong>, pasando de 900.000 a 1,6 millones de toneladas.<\/li>\n\n\n\n<li><strong>Duplicar la productividad anual por hect\u00e1rea<\/strong>, de 36 a 70 kg en pie.<\/li>\n\n\n\n<li><strong>Alcanzar una capacidad de carga de 1,5 cabezas por hect\u00e1rea.<\/strong><\/li>\n\n\n\n<li><strong>Aumentar la ganancia diaria de peso por animal a 570 gramos.<\/strong><\/li>\n\n\n\n<li><strong>Reducir el consumo de agua en un 60 %<\/strong> en procesos de beneficio.<\/li>\n\n\n\n<li><strong>Formalizar el 100 % de los trabajadores<\/strong> con acceso a salud, pensi\u00f3n y riesgos laborales.<\/li>\n\n\n\n<li><strong>Dirigir el 30 % del cr\u00e9dito agropecuario<\/strong> a la cadena c\u00e1rnica bovina.<\/li>\n\n\n\n<li><strong>Formalizar el 90 % de la comercializaci\u00f3n<\/strong> de carne refrigerada.<\/li>\n<\/ul>\n\n\n\n<h3 class=\"wp-block-heading\">Oportunidades para productores ganadero<\/h3>\n\n\n\n<p>Este plan abre nuevas puertas para ganaderos que est\u00e9n dispuestos a modernizar sus procesos. Algunas ventajas incluyen:<\/p>\n\n\n\n<ul class=\"wp-block-list\">\n<li><strong>Mayor acceso a financiamiento<\/strong>, tanto nacional como internacional.<\/li>\n\n\n\n<li><strong>Mejores precios y condiciones de venta<\/strong> gracias a la formalizaci\u00f3n del mercado.<\/li>\n\n\n\n<li><strong>Acompa\u00f1amiento t\u00e9cnico<\/strong> en pr\u00e1cticas sostenibles y productivas.<\/li>\n\n\n\n<li><strong>Acceso preferencial a tecnolog\u00edas<\/strong> que mejoren el manejo de potreros, agua, gen\u00e9tica y alimentaci\u00f3n.<\/li>\n<\/ul>\n\n\n\n<p>En <a href=\"https:\/\/www.croper.com\">Croper.com<\/a>, puedes encontrar herramientas clave para empezar a implementar estos cambios desde ya.<\/p>\n\n\n\n<p><strong>Tecnolog\u00edas recomendadas disponibles en Croper<\/strong><\/p>\n\n\n\n<figure class=\"wp-block-table\"><table class=\"has-fixed-layout\"><tbody><tr><th>ecnolog\u00eda<\/th><th>Aplicaci\u00f3n<\/th><th>Beneficio<\/th><th>Enlace sugerido<\/th><\/tr><tr><td>Cercas el\u00e9ctricas<\/td><td>Manejo racional del pasto<\/td><td>Control de rotaci\u00f3n eficiente<\/td><td><a href=\"https:\/\/croper.com\/products?query=cercas%20electricas\">Ver en Croper<\/a><\/td><\/tr><tr><td>Bebederos autom\u00e1ticos<\/td><td>Ahorro y control de agua<\/td><td>Mejora bienestar animal<\/td><td><a href=\"https:\/\/croper.com\/products?query=bebedros%20automaticos\">Ver en Croper<\/a><\/td><\/tr><tr><td>B\u00e1sculas ganaderas<\/td><td>Seguimiento de peso<\/td><td>Mejora la toma de decisiones<\/td><td><a href=\"https:\/\/croper.com\">Ver en C<\/a><a href=\"https:\/\/croper.com\/products?query=basculas%20ganaderos\">r<\/a><a href=\"https:\/\/croper.com\">oper<\/a><\/td><\/tr><tr><td>Motobombas<\/td><td>Gesti\u00f3n de riego para pastos<\/td><td>Eficiencia h\u00eddrica<\/td><td><a href=\"https:\/\/croper.com\/products?query=motobombas\">Ver en Croper<\/a><\/td><\/tr><tr><td>Cercas solares<\/td><td>Aislamiento y protecci\u00f3n de predios<\/td><td>Autosuficiencia energ\u00e9tica<\/td><td><a href=\"https:\/\/croper.com\/products?query=cercas%20solares\">Ver en Croper<\/a><\/td><\/tr><\/tbody><\/table><\/figure>\n\n\n\n<h3 class=\"wp-block-heading\">Preguntas frecuentes (FAQs)<\/h3>\n\n\n\n<p><strong>\u00bfQu\u00e9 es la cadena c\u00e1rnica bovina?<\/strong><\/p>\n\n\n\n<p>Es el conjunto de actividades que abarca desde la cr\u00eda y levante de ganado hasta el sacrificio, procesamiento y comercializaci\u00f3n de carne bovina. Incluye ganaderos, frigor\u00edficos, comercializadores y consumidores finales.<\/p>\n\n\n\n<p><strong>\u00bfC\u00f3mo puedo acceder a los beneficios del POP?<\/strong><\/p>\n\n\n\n<p>Puedes consultar el plan completo en el sitio de la UPRA o seguir nuestras publicaciones semanales en Croper, donde simplificamos la informaci\u00f3n y la conectamos con soluciones pr\u00e1cticas que puedes implementar desde tu finca.<\/p>\n\n\n\n<p><strong>\u00bfQu\u00e9 necesito para hacer parte de un encadenamiento productivo?<\/strong><\/p>\n\n\n\n<p>Lo ideal es formalizar tu actividad, tener informaci\u00f3n actualizada de tu hato y contar con aliados estrat\u00e9gicos como asociaciones de productores o empresas compradoras que te integren en cadenas formales.<\/p>\n\n\n\n<p><strong>\u00bfD\u00f3nde encuentro las tecnolog\u00edas para implementar lo sugerido por el POP?<\/strong><\/p>\n\n\n\n<p>En <a href=\"https:\/\/www.croper.com\">Croper.com<\/a>, la plataforma l\u00edder en insumos, maquinaria y soluciones tecnol\u00f3gicas para el agro en Colombia. Puedes buscar por categor\u00eda, marca o tipo de cultivo\/actividad.<\/p>\n\n\n\n<p><strong>\u00bfPuedo financiar la compra de tecnolog\u00eda ganadera?<\/strong><\/p>\n\n\n\n<p>S\u00ed. En Croper puedes solicitar cr\u00e9dito o cotizar con m\u00faltiples proveedores. Adem\u00e1s, muchas compras se pueden hacer a trav\u00e9s de l\u00edneas de cr\u00e9dito Finagro, bancos o cooperativas del sector agropecuario.<\/p>\n\n\n\n<h3 class=\"wp-block-heading\">Conclusi\u00f3n<\/h3>\n\n\n\n<p>El futuro de la ganader\u00eda en Colombia depende de decisiones inteligentes que se tomen hoy. El Plan de Ordenamiento Productivo no solo establece metas ambiciosas, sino que abre la puerta a una cadena m\u00e1s eficiente, rentable y sostenible. Aprovecha esta gu\u00eda, descarga el resumen ejecutivo y conoce las herramientas disponibles en Croper para que tu finca est\u00e9 preparada para el 2045.<\/p>\n","protected":false},"excerpt":{"rendered":"<p>Cadena c\u00e1rnica bovina en Colombia. La ganader\u00eda bovina es uno de los pilares m\u00e1s importantes del sector agropecuario colombiano. Con m\u00e1s de 29,5 millones de cabezas de ganado distribuidas en 613.000 predios, esta actividad representa el 20 % del PIB agropecuario y genera m\u00e1s de 1 mill\u00f3n de empleos directos. En este contexto, el nuevo [&hellip;]<\/p>\n","protected":false},"author":95,"featured_media":20036,"comment_status":"open","ping_status":"open","sticky":false,"template":"","format":"standard","meta":{"_bbp_topic_count":0,"_bbp_reply_count":0,"_bbp_total_topic_count":0,"_bbp_total_reply_count":0,"_bbp_voice_count":0,"_bbp_anonymous_reply_count":0,"_bbp_topic_count_hidden":0,"_bbp_reply_count_hidden":0,"_bbp_forum_subforum_count":0,"footnotes":""},"categories":[9],"tags":[],"class_list":["post-20035","post","type-post","status-publish","format-standard","has-post-thumbnail","hentry","category-pecuario"],"yoast_head":"<!-- This site is optimized with the Yoast SEO plugin v26.2 - https:\/\/yoast.com\/wordpress\/plugins\/seo\/ -->\n<title>Cadena c\u00e1rnica bovina en Colombia<\/title>\n<meta name=\"description\" content=\"Descubre c\u00f3mo el Plan de Ordenamiento Productivo transformar\u00e1 la cadena c\u00e1rnica bovina en Colombia. Conoce sus metas, beneficios\" \/>\n<meta name=\"robots\" content=\"index, follow, max-snippet:-1, max-image-preview:large, max-video-preview:-1\" \/>\n<link rel=\"canonical\" href=\"https:\/\/croper.com\/comunidad\/cadena-carnica-bovina-en-colombia\/\" \/>\n<meta property=\"og:locale\" content=\"es_ES\" \/>\n<meta property=\"og:type\" content=\"article\" \/>\n<meta property=\"og:title\" content=\"Cadena c\u00e1rnica bovina en Colombia\" \/>\n<meta property=\"og:description\" content=\"Descubre c\u00f3mo el Plan de Ordenamiento Productivo transformar\u00e1 la cadena c\u00e1rnica bovina en Colombia. Conoce sus metas, beneficios\" \/>\n<meta property=\"og:url\" content=\"https:\/\/croper.com\/comunidad\/cadena-carnica-bovina-en-colombia\/\" \/>\n<meta property=\"og:site_name\" content=\"Croper News\" \/>\n<meta property=\"article:publisher\" content=\"https:\/\/www.facebook.com\/Croper.co\" \/>\n<meta property=\"article:published_time\" content=\"2025-06-04T14:50:23+00:00\" \/>\n<meta property=\"article:modified_time\" content=\"2025-06-04T14:50:30+00:00\" \/>\n<meta property=\"og:image\" content=\"https:\/\/croper.com\/comunidad\/wp-content\/uploads\/2025\/06\/Cadena-carnica-bovina-en-Colombia.jpg\" \/>\n\t<meta property=\"og:image:width\" content=\"750\" \/>\n\t<meta property=\"og:image:height\" content=\"375\" \/>\n\t<meta property=\"og:image:type\" content=\"image\/jpeg\" \/>\n<meta name=\"author\" content=\"Alejandra Buritic\u00e1\" \/>\n<meta name=\"twitter:card\" content=\"summary_large_image\" \/>\n<meta name=\"twitter:label1\" content=\"Escrito por\" \/>\n\t<meta name=\"twitter:data1\" content=\"Alejandra Buritic\u00e1\" \/>\n\t<meta name=\"twitter:label2\" content=\"Tiempo de lectura\" \/>\n\t<meta name=\"twitter:data2\" content=\"4 minutos\" \/>\n<script type=\"application\/ld+json\" class=\"yoast-schema-graph\">{\"@context\":\"https:\/\/schema.org\",\"@graph\":[{\"@type\":[\"Article\",\"BlogPosting\"],\"@id\":\"https:\/\/croper.com\/comunidad\/cadena-carnica-bovina-en-colombia\/#article\",\"isPartOf\":{\"@id\":\"https:\/\/croper.com\/comunidad\/cadena-carnica-bovina-en-colombia\/\"},\"author\":{\"name\":\"Alejandra Buritic\u00e1\",\"@id\":\"https:\/\/croper.com\/comunidad\/#\/schema\/person\/2ade1cb62576448033ca795a0fe5d299\"},\"headline\":\"Plan Ganadero Colombia 2045: C\u00f3mo aprovechar las oportunidades del sector c\u00e1rnico bovino\",\"datePublished\":\"2025-06-04T14:50:23+00:00\",\"dateModified\":\"2025-06-04T14:50:30+00:00\",\"mainEntityOfPage\":{\"@id\":\"https:\/\/croper.com\/comunidad\/cadena-carnica-bovina-en-colombia\/\"},\"wordCount\":738,\"commentCount\":1,\"publisher\":{\"@id\":\"https:\/\/croper.com\/comunidad\/#organization\"},\"image\":{\"@id\":\"https:\/\/croper.com\/comunidad\/cadena-carnica-bovina-en-colombia\/#primaryimage\"},\"thumbnailUrl\":\"https:\/\/croper.com\/comunidad\/wp-content\/uploads\/2025\/06\/Cadena-carnica-bovina-en-Colombia.jpg\",\"articleSection\":[\"Pecuario\"],\"inLanguage\":\"es\",\"potentialAction\":[{\"@type\":\"CommentAction\",\"name\":\"Comment\",\"target\":[\"https:\/\/croper.com\/comunidad\/cadena-carnica-bovina-en-colombia\/#respond\"]}]},{\"@type\":\"WebPage\",\"@id\":\"https:\/\/croper.com\/comunidad\/cadena-carnica-bovina-en-colombia\/\",\"url\":\"https:\/\/croper.com\/comunidad\/cadena-carnica-bovina-en-colombia\/\",\"name\":\"Cadena c\u00e1rnica bovina en Colombia\",\"isPartOf\":{\"@id\":\"https:\/\/croper.com\/comunidad\/#website\"},\"primaryImageOfPage\":{\"@id\":\"https:\/\/croper.com\/comunidad\/cadena-carnica-bovina-en-colombia\/#primaryimage\"},\"image\":{\"@id\":\"https:\/\/croper.com\/comunidad\/cadena-carnica-bovina-en-colombia\/#primaryimage\"},\"thumbnailUrl\":\"https:\/\/croper.com\/comunidad\/wp-content\/uploads\/2025\/06\/Cadena-carnica-bovina-en-Colombia.jpg\",\"datePublished\":\"2025-06-04T14:50:23+00:00\",\"dateModified\":\"2025-06-04T14:50:30+00:00\",\"description\":\"Descubre c\u00f3mo el Plan de Ordenamiento Productivo transformar\u00e1 la cadena c\u00e1rnica bovina en Colombia. Conoce sus metas, beneficios\",\"breadcrumb\":{\"@id\":\"https:\/\/croper.com\/comunidad\/cadena-carnica-bovina-en-colombia\/#breadcrumb\"},\"inLanguage\":\"es\",\"potentialAction\":[{\"@type\":\"ReadAction\",\"target\":[\"https:\/\/croper.com\/comunidad\/cadena-carnica-bovina-en-colombia\/\"]}]},{\"@type\":\"ImageObject\",\"inLanguage\":\"es\",\"@id\":\"https:\/\/croper.com\/comunidad\/cadena-carnica-bovina-en-colombia\/#primaryimage\",\"url\":\"https:\/\/croper.com\/comunidad\/wp-content\/uploads\/2025\/06\/Cadena-carnica-bovina-en-Colombia.jpg\",\"contentUrl\":\"https:\/\/croper.com\/comunidad\/wp-content\/uploads\/2025\/06\/Cadena-carnica-bovina-en-Colombia.jpg\",\"width\":750,\"height\":375,\"caption\":\"Cadena c\u00e1rnica bovina en Colombia\"},{\"@type\":\"BreadcrumbList\",\"@id\":\"https:\/\/croper.com\/comunidad\/cadena-carnica-bovina-en-colombia\/#breadcrumb\",\"itemListElement\":[{\"@type\":\"ListItem\",\"position\":1,\"name\":\"Inicio\",\"item\":\"https:\/\/croper.com\/comunidad\/\"},{\"@type\":\"ListItem\",\"position\":2,\"name\":\"Pecuario\",\"item\":\"https:\/\/croper.com\/comunidad\/categoria\/pecuario\/\"},{\"@type\":\"ListItem\",\"position\":3,\"name\":\"Plan Ganadero Colombia 2045: C\u00f3mo aprovechar las oportunidades del sector c\u00e1rnico bovino\"}]},{\"@type\":\"WebSite\",\"@id\":\"https:\/\/croper.com\/comunidad\/#website\",\"url\":\"https:\/\/croper.com\/comunidad\/\",\"name\":\"Croper\",\"description\":\"Inf\u00f3rmate sobre agricultura, ganader\u00eda y econom\u00eda rural en Colombia. Noticias del agro actualizadas y casos de \u00e9xito del campo colombiano en Croper News.\",\"publisher\":{\"@id\":\"https:\/\/croper.com\/comunidad\/#organization\"},\"alternateName\":\"Croper Noticias: Informaci\u00f3n actualizada del Agro en Colombia\",\"potentialAction\":[{\"@type\":\"SearchAction\",\"target\":{\"@type\":\"EntryPoint\",\"urlTemplate\":\"https:\/\/croper.com\/comunidad\/?s={search_term_string}\"},\"query-input\":{\"@type\":\"PropertyValueSpecification\",\"valueRequired\":true,\"valueName\":\"search_term_string\"}}],\"inLanguage\":\"es\"},{\"@type\":\"Organization\",\"@id\":\"https:\/\/croper.com\/comunidad\/#organization\",\"name\":\"Croper\",\"alternateName\":\"Noticias del Agro\",\"url\":\"https:\/\/croper.com\/comunidad\/\",\"logo\":{\"@type\":\"ImageObject\",\"inLanguage\":\"es\",\"@id\":\"https:\/\/croper.com\/comunidad\/#\/schema\/logo\/image\/\",\"url\":\"https:\/\/croper.com\/comunidad\/wp-content\/uploads\/2024\/07\/logo_nav-9c5b157b89dc75b64332b82a499d60afafb8109c059d2d1a271453db30fcb14f.svg\",\"contentUrl\":\"https:\/\/croper.com\/comunidad\/wp-content\/uploads\/2024\/07\/logo_nav-9c5b157b89dc75b64332b82a499d60afafb8109c059d2d1a271453db30fcb14f.svg\",\"width\":1104,\"height\":201,\"caption\":\"Croper\"},\"image\":{\"@id\":\"https:\/\/croper.com\/comunidad\/#\/schema\/logo\/image\/\"},\"sameAs\":[\"https:\/\/www.facebook.com\/Croper.co\",\"https:\/\/es.linkedin.com\/company\/agrofuturo\",\"https:\/\/www.instagram.com\/croper.co\/\",\"https:\/\/www.youtube.com\/channel\/UCaginzzd0hPCTB4Ka7rdZ_A\"]},{\"@type\":\"Person\",\"@id\":\"https:\/\/croper.com\/comunidad\/#\/schema\/person\/2ade1cb62576448033ca795a0fe5d299\",\"name\":\"Alejandra Buritic\u00e1\",\"image\":{\"@type\":\"ImageObject\",\"inLanguage\":\"es\",\"@id\":\"https:\/\/croper.com\/comunidad\/#\/schema\/person\/image\/\",\"url\":\"https:\/\/secure.gravatar.com\/avatar\/eced83f28ffdb40d02d3b5f36b26ef7bd867a4b7fab964f240fa4476476095ad?s=96&d=mm&r=g\",\"contentUrl\":\"https:\/\/secure.gravatar.com\/avatar\/eced83f28ffdb40d02d3b5f36b26ef7bd867a4b7fab964f240fa4476476095ad?s=96&d=mm&r=g\",\"caption\":\"Alejandra Buritic\u00e1\"},\"sameAs\":[\"https:\/\/www.linkedin.com\/in\/mara-alejandra-buritic-marketing\/\"],\"url\":\"https:\/\/croper.com\/comunidad\/author\/aburitica\/\"}]}<\/script>\n<!-- \/ Yoast SEO plugin. -->","yoast_head_json":{"title":"Cadena c\u00e1rnica bovina en Colombia","description":"Descubre c\u00f3mo el Plan de Ordenamiento Productivo transformar\u00e1 la cadena c\u00e1rnica bovina en Colombia. Conoce sus metas, beneficios","robots":{"index":"index","follow":"follow","max-snippet":"max-snippet:-1","max-image-preview":"max-image-preview:large","max-video-preview":"max-video-preview:-1"},"canonical":"https:\/\/croper.com\/comunidad\/cadena-carnica-bovina-en-colombia\/","og_locale":"es_ES","og_type":"article","og_title":"Cadena c\u00e1rnica bovina en Colombia","og_description":"Descubre c\u00f3mo el Plan de Ordenamiento Productivo transformar\u00e1 la cadena c\u00e1rnica bovina en Colombia. Conoce sus metas, beneficios","og_url":"https:\/\/croper.com\/comunidad\/cadena-carnica-bovina-en-colombia\/","og_site_name":"Croper News","article_publisher":"https:\/\/www.facebook.com\/Croper.co","article_published_time":"2025-06-04T14:50:23+00:00","article_modified_time":"2025-06-04T14:50:30+00:00","og_image":[{"width":750,"height":375,"url":"https:\/\/croper.com\/comunidad\/wp-content\/uploads\/2025\/06\/Cadena-carnica-bovina-en-Colombia.jpg","type":"image\/jpeg"}],"author":"Alejandra Buritic\u00e1","twitter_card":"summary_large_image","twitter_misc":{"Escrito por":"Alejandra Buritic\u00e1","Tiempo de lectura":"4 minutos"},"schema":{"@context":"https:\/\/schema.org","@graph":[{"@type":["Article","BlogPosting"],"@id":"https:\/\/croper.com\/comunidad\/cadena-carnica-bovina-en-colombia\/#article","isPartOf":{"@id":"https:\/\/croper.com\/comunidad\/cadena-carnica-bovina-en-colombia\/"},"author":{"name":"Alejandra Buritic\u00e1","@id":"https:\/\/croper.com\/comunidad\/#\/schema\/person\/2ade1cb62576448033ca795a0fe5d299"},"headline":"Plan Ganadero Colombia 2045: C\u00f3mo aprovechar las oportunidades del sector c\u00e1rnico bovino","datePublished":"2025-06-04T14:50:23+00:00","dateModified":"2025-06-04T14:50:30+00:00","mainEntityOfPage":{"@id":"https:\/\/croper.com\/comunidad\/cadena-carnica-bovina-en-colombia\/"},"wordCount":738,"commentCount":1,"publisher":{"@id":"https:\/\/croper.com\/comunidad\/#organization"},"image":{"@id":"https:\/\/croper.com\/comunidad\/cadena-carnica-bovina-en-colombia\/#primaryimage"},"thumbnailUrl":"https:\/\/croper.com\/comunidad\/wp-content\/uploads\/2025\/06\/Cadena-carnica-bovina-en-Colombia.jpg","articleSection":["Pecuario"],"inLanguage":"es","potentialAction":[{"@type":"CommentAction","name":"Comment","target":["https:\/\/croper.com\/comunidad\/cadena-carnica-bovina-en-colombia\/#respond"]}]},{"@type":"WebPage","@id":"https:\/\/croper.com\/comunidad\/cadena-carnica-bovina-en-colombia\/","url":"https:\/\/croper.com\/comunidad\/cadena-carnica-bovina-en-colombia\/","name":"Cadena c\u00e1rnica bovina en Colombia","isPartOf":{"@id":"https:\/\/croper.com\/comunidad\/#website"},"primaryImageOfPage":{"@id":"https:\/\/croper.com\/comunidad\/cadena-carnica-bovina-en-colombia\/#primaryimage"},"image":{"@id":"https:\/\/croper.com\/comunidad\/cadena-carnica-bovina-en-colombia\/#primaryimage"},"thumbnailUrl":"https:\/\/croper.com\/comunidad\/wp-content\/uploads\/2025\/06\/Cadena-carnica-bovina-en-Colombia.jpg","datePublished":"2025-06-04T14:50:23+00:00","dateModified":"2025-06-04T14:50:30+00:00","description":"Descubre c\u00f3mo el Plan de Ordenamiento Productivo transformar\u00e1 la cadena c\u00e1rnica bovina en Colombia. Conoce sus metas, beneficios","breadcrumb":{"@id":"https:\/\/croper.com\/comunidad\/cadena-carnica-bovina-en-colombia\/#breadcrumb"},"inLanguage":"es","potentialAction":[{"@type":"ReadAction","target":["https:\/\/croper.com\/comunidad\/cadena-carnica-bovina-en-colombia\/"]}]},{"@type":"ImageObject","inLanguage":"es","@id":"https:\/\/croper.com\/comunidad\/cadena-carnica-bovina-en-colombia\/#primaryimage","url":"https:\/\/croper.com\/comunidad\/wp-content\/uploads\/2025\/06\/Cadena-carnica-bovina-en-Colombia.jpg","contentUrl":"https:\/\/croper.com\/comunidad\/wp-content\/uploads\/2025\/06\/Cadena-carnica-bovina-en-Colombia.jpg","width":750,"height":375,"caption":"Cadena c\u00e1rnica bovina en Colombia"},{"@type":"BreadcrumbList","@id":"https:\/\/croper.com\/comunidad\/cadena-carnica-bovina-en-colombia\/#breadcrumb","itemListElement":[{"@type":"ListItem","position":1,"name":"Inicio","item":"https:\/\/croper.com\/comunidad\/"},{"@type":"ListItem","position":2,"name":"Pecuario","item":"https:\/\/croper.com\/comunidad\/categoria\/pecuario\/"},{"@type":"ListItem","position":3,"name":"Plan Ganadero Colombia 2045: C\u00f3mo aprovechar las oportunidades del sector c\u00e1rnico bovino"}]},{"@type":"WebSite","@id":"https:\/\/croper.com\/comunidad\/#website","url":"https:\/\/croper.com\/comunidad\/","name":"Croper","description":"Inf\u00f3rmate sobre agricultura, ganader\u00eda y econom\u00eda rural en Colombia. Noticias del agro actualizadas y casos de \u00e9xito del campo colombiano en Croper News.","publisher":{"@id":"https:\/\/croper.com\/comunidad\/#organization"},"alternateName":"Croper Noticias: Informaci\u00f3n actualizada del Agro en Colombia","potentialAction":[{"@type":"SearchAction","target":{"@type":"EntryPoint","urlTemplate":"https:\/\/croper.com\/comunidad\/?s={search_term_string}"},"query-input":{"@type":"PropertyValueSpecification","valueRequired":true,"valueName":"search_term_string"}}],"inLanguage":"es"},{"@type":"Organization","@id":"https:\/\/croper.com\/comunidad\/#organization","name":"Croper","alternateName":"Noticias del Agro","url":"https:\/\/croper.com\/comunidad\/","logo":{"@type":"ImageObject","inLanguage":"es","@id":"https:\/\/croper.com\/comunidad\/#\/schema\/logo\/image\/","url":"https:\/\/croper.com\/comunidad\/wp-content\/uploads\/2024\/07\/logo_nav-9c5b157b89dc75b64332b82a499d60afafb8109c059d2d1a271453db30fcb14f.svg","contentUrl":"https:\/\/croper.com\/comunidad\/wp-content\/uploads\/2024\/07\/logo_nav-9c5b157b89dc75b64332b82a499d60afafb8109c059d2d1a271453db30fcb14f.svg","width":1104,"height":201,"caption":"Croper"},"image":{"@id":"https:\/\/croper.com\/comunidad\/#\/schema\/logo\/image\/"},"sameAs":["https:\/\/www.facebook.com\/Croper.co","https:\/\/es.linkedin.com\/company\/agrofuturo","https:\/\/www.instagram.com\/croper.co\/","https:\/\/www.youtube.com\/channel\/UCaginzzd0hPCTB4Ka7rdZ_A"]},{"@type":"Person","@id":"https:\/\/croper.com\/comunidad\/#\/schema\/person\/2ade1cb62576448033ca795a0fe5d299","name":"Alejandra Buritic\u00e1","image":{"@type":"ImageObject","inLanguage":"es","@id":"https:\/\/croper.com\/comunidad\/#\/schema\/person\/image\/","url":"https:\/\/secure.gravatar.com\/avatar\/eced83f28ffdb40d02d3b5f36b26ef7bd867a4b7fab964f240fa4476476095ad?s=96&d=mm&r=g","contentUrl":"https:\/\/secure.gravatar.com\/avatar\/eced83f28ffdb40d02d3b5f36b26ef7bd867a4b7fab964f240fa4476476095ad?s=96&d=mm&r=g","caption":"Alejandra Buritic\u00e1"},"sameAs":["https:\/\/www.linkedin.com\/in\/mara-alejandra-buritic-marketing\/"],"url":"https:\/\/croper.com\/comunidad\/author\/aburitica\/"}]}},"_links":{"self":[{"href":"https:\/\/croper.com\/comunidad\/wp-json\/wp\/v2\/posts\/20035","targetHints":{"allow":["GET"]}}],"collection":[{"href":"https:\/\/croper.com\/comunidad\/wp-json\/wp\/v2\/posts"}],"about":[{"href":"https:\/\/croper.com\/comunidad\/wp-json\/wp\/v2\/types\/post"}],"author":[{"embeddable":true,"href":"https:\/\/croper.com\/comunidad\/wp-json\/wp\/v2\/users\/95"}],"replies":[{"embeddable":true,"href":"https:\/\/croper.com\/comunidad\/wp-json\/wp\/v2\/comments?post=20035"}],"version-history":[{"count":1,"href":"https:\/\/croper.com\/comunidad\/wp-json\/wp\/v2\/posts\/20035\/revisions"}],"predecessor-version":[{"id":20037,"href":"https:\/\/croper.com\/comunidad\/wp-json\/wp\/v2\/posts\/20035\/revisions\/20037"}],"wp:featuredmedia":[{"embeddable":true,"href":"https:\/\/croper.com\/comunidad\/wp-json\/wp\/v2\/media\/20036"}],"wp:attachment":[{"href":"https:\/\/croper.com\/comunidad\/wp-json\/wp\/v2\/media?parent=20035"}],"wp:term":[{"taxonomy":"category","embeddable":true,"href":"https:\/\/croper.com\/comunidad\/wp-json\/wp\/v2\/categories?post=20035"},{"taxonomy":"post_tag","embeddable":true,"href":"https:\/\/croper.com\/comunidad\/wp-json\/wp\/v2\/tags?post=20035"}],"curies":[{"name":"wp","href":"https:\/\/api.w.org\/{rel}","templated":true}]}}