{"id":19581,"date":"2025-04-07T08:20:04","date_gmt":"2025-04-07T13:20:04","guid":{"rendered":"https:\/\/croper.com\/comunidad\/?p=19581"},"modified":"2025-04-07T08:20:05","modified_gmt":"2025-04-07T13:20:05","slug":"produccion-de-cafe-en-colombia","status":"publish","type":"post","link":"https:\/\/croper.com\/comunidad\/produccion-de-cafe-en-colombia\/","title":{"rendered":"Colombia produjo 3,78 millones de sacos de caf\u00e9 en el primer trimestre de 2025: la cifra m\u00e1s alta en a\u00f1os"},"content":{"rendered":"\n<p><br>La<a href=\"https:\/\/croper.com\/products?query=cafe\"> <strong>producci\u00f3n nacional de caf\u00e9 en Colombia alcanz\u00f3<\/strong><\/a><strong> los 3,78 millones de sacos de 60 kilogramos<\/strong> entre enero y marzo de 2025, lo que representa un <strong>aumento del 36%<\/strong> frente al mismo periodo del a\u00f1o anterior. As\u00ed lo inform\u00f3 la <strong>Federaci\u00f3n Nacional de Cafeteros (FNC)<\/strong>, al destacar que este crecimiento marca un <strong>r\u00e9cord hist\u00f3rico reciente<\/strong> para el sector cafetero colombiano.<\/p>\n\n\n\n<h3 class=\"wp-block-heading\">La producci\u00f3n m\u00e1s alta en dos d\u00e9cadas<\/h3>\n\n\n\n<p>De acuerdo con el informe de la FNC, la producci\u00f3n acumulada en los \u00faltimos 12 meses \u2014entre abril de 2024 y marzo de 2025\u2014 fue de <a href=\"https:\/\/croper.com\/prices\/2402-cafe?product=Caf%C3%A9%20instant%C3%A1neo\"><strong>14,9 millones de sacos<\/strong>,<\/a> consolid\u00e1ndose como la <strong>m\u00e1s alta en las \u00faltimas dos d\u00e9cadas<\/strong>. Esta cifra representa un aumento del <strong>31%<\/strong> en comparaci\u00f3n con el mismo periodo del a\u00f1o anterior, cuando la producci\u00f3n fue de 11,4 millones de sacos.<\/p>\n\n\n\n<p>Germ\u00e1n Baham\u00f3n, gerente general de la FNC, destac\u00f3 la <strong>resiliencia del sector a pesar de las presiones financieras<\/strong>. \u201cIncluso con la enorme presi\u00f3n de capital en todos los actores del mercado, gracias al <em>Plan de Acci\u00f3n Solidario Cafetero<\/em>, no hubo un solo d\u00eda en el que se dejara de aplicar la garant\u00eda de compra\u201d, se\u00f1al\u00f3 Baham\u00f3n desde su cuenta oficial en la red social X.<\/p>\n\n\n\n<h3 class=\"wp-block-heading\">Exportaciones tambi\u00e9n crecieron<\/h3>\n\n\n\n<p>El crecimiento en la producci\u00f3n se reflej\u00f3 tambi\u00e9n en el <strong>comportamiento de las exportaciones<\/strong>. En lo corrido del a\u00f1o, <strong>Colombia export\u00f3 3,6 millones de sacos<\/strong>, un <strong>aumento del 21%<\/strong> frente al mismo periodo de 2024. Solo en marzo, las ventas al exterior alcanzaron <strong><a href=\"https:\/\/croper.com\/prices\/2402-cafe?product=Caf%C3%A9%20instant%C3%A1neo\">1,26 millones de sacos<\/a><\/strong>, lo que representa un incremento del <strong>26% interanual<\/strong>.<\/p>\n\n\n\n<p>Estos resultados consolidan a Colombia como uno de los <strong>principales exportadores de caf\u00e9 del mundo<\/strong>, con <strong>Estados Unidos como su principal destino<\/strong>, representando cerca del 40% de las exportaciones totales.<\/p>\n\n\n\n<h3 class=\"wp-block-heading\">Riesgos por lluvias: amenaza para la cosecha de fin de a\u00f1o<\/h3>\n\n\n\n<p>A pesar del panorama alentador, la FNC advirti\u00f3 sobre <strong>riesgos clim\u00e1ticos que podr\u00edan afectar la segunda mitad del a\u00f1o cafetero<\/strong>. El <strong>Ideam<\/strong> (Instituto de Hidrolog\u00eda, Meteorolog\u00eda y Estudios Ambientales) ha pronosticado <strong>lluvias persistentes entre marzo y junio de 2025<\/strong>, las cuales ya comenzaron a tener impacto en los cafetales del pa\u00eds.<\/p>\n\n\n\n<p>Seg\u00fan Baham\u00f3n, estas lluvias podr\u00edan perjudicar la <strong>floraci\u00f3n de los cafetales<\/strong>, lo que incidir\u00eda directamente en la <strong>cosecha del \u00faltimo trimestre del a\u00f1o (octubre-diciembre)<\/strong> y posiblemente tambi\u00e9n en los primeros meses del a\u00f1o cafetero 2025\/2026.<\/p>\n\n\n\n<blockquote class=\"wp-block-quote is-layout-flow wp-block-quote-is-layout-flow\">\n<p>\u201cLas lluvias que enfrentamos tendr\u00e1n una afectaci\u00f3n en la cosecha de octubre a diciembre. Sin embargo, Colombia tendr\u00e1 un primer semestre positivo y continuar\u00e1 siendo protagonista de la econom\u00eda nacional\u201d, indic\u00f3 Baham\u00f3n.<\/p>\n<\/blockquote>\n\n\n\n<p>Ante esta situaci\u00f3n, la FNC ha activado un plan de <strong>monitoreo t\u00e9cnico y regional<\/strong>, con apoyo de los comit\u00e9s departamentales, para evaluar en tiempo real los impactos clim\u00e1ticos y dise\u00f1ar estrategias que <strong>mitiguen los efectos sobre la producci\u00f3n y la comercializaci\u00f3n del caf\u00e9<\/strong>.<\/p>\n\n\n\n<h3 class=\"wp-block-heading\">El caf\u00e9, pilar de la econom\u00eda rural<\/h3>\n\n\n\n<p>El repunte en la producci\u00f3n de caf\u00e9 no solo tiene impacto en las cifras macroecon\u00f3micas del pa\u00eds, sino tambi\u00e9n en la <strong>vida de m\u00e1s de 560.000 familias cafeteras colombianas<\/strong>. El gremio contin\u00faa enfrentando desaf\u00edos como el cambio clim\u00e1tico, la volatilidad de los precios internacionales y, recientemente, <strong>las medidas arancelarias impuestas por EE.UU.<\/strong>, que podr\u00edan poner presi\u00f3n sobre las exportaciones.<\/p>\n\n\n\n<p>En este contexto, el fortalecimiento de la productividad, la tecnificaci\u00f3n de los cultivos y la promoci\u00f3n del consumo interno de caf\u00e9 se consolidan como <strong>ejes fundamentales para sostener el crecimiento del sector cafetero colombiano en el mediano plazo<\/strong>.<\/p>\n\n\n\n<p>Tomado de <a href=\"https:\/\/www.agronegocios.co\/agricultura\/produccion-cafetera-alcanzo-3-78-millones-de-sacos-durante-primer-trimestre-de-2025-4104656#google_vignette\">Agronegocios<\/a><br>Editado por <a href=\"https:\/\/croper.com\/\">Croper<\/a><\/p>\n\n\n\n<p><\/p>\n","protected":false},"excerpt":{"rendered":"<p>La producci\u00f3n nacional de caf\u00e9 en Colombia alcanz\u00f3 los 3,78 millones de sacos de 60 kilogramos entre enero y marzo de 2025, lo que representa un aumento del 36% frente al mismo periodo del a\u00f1o anterior. As\u00ed lo inform\u00f3 la Federaci\u00f3n Nacional de Cafeteros (FNC), al destacar que este crecimiento marca un r\u00e9cord hist\u00f3rico reciente [&hellip;]<\/p>\n","protected":false},"author":1,"featured_media":19582,"comment_status":"open","ping_status":"open","sticky":false,"template":"","format":"standard","meta":{"_bbp_topic_count":0,"_bbp_reply_count":0,"_bbp_total_topic_count":0,"_bbp_total_reply_count":0,"_bbp_voice_count":0,"_bbp_anonymous_reply_count":0,"_bbp_topic_count_hidden":0,"_bbp_reply_count_hidden":0,"_bbp_forum_subforum_count":0,"footnotes":""},"categories":[8],"tags":[],"class_list":["post-19581","post","type-post","status-publish","format-standard","has-post-thumbnail","hentry","category-economico"],"yoast_head":"<!-- This site is optimized with the Yoast SEO plugin v26.2 - https:\/\/yoast.com\/wordpress\/plugins\/seo\/ -->\n<title>Producci\u00f3n de caf\u00e9 en Colombia alcanz\u00f3 3,78 millones de sacos<\/title>\n<meta name=\"description\" content=\"Producci\u00f3n de caf\u00e9 en Colombia alcanz\u00f3 3,78 millones de sacos. El volumen m\u00e1s alto en a\u00f1os. Producci\u00f3n anual alcanz\u00f3 14,9 millones\" \/>\n<meta name=\"robots\" content=\"index, follow, max-snippet:-1, max-image-preview:large, max-video-preview:-1\" \/>\n<link rel=\"canonical\" href=\"https:\/\/croper.com\/comunidad\/produccion-de-cafe-en-colombia\/\" \/>\n<meta property=\"og:locale\" content=\"es_ES\" \/>\n<meta property=\"og:type\" content=\"article\" \/>\n<meta property=\"og:title\" content=\"Producci\u00f3n de caf\u00e9 en Colombia alcanz\u00f3 3,78 millones de sacos\" \/>\n<meta property=\"og:description\" content=\"Producci\u00f3n de caf\u00e9 en Colombia alcanz\u00f3 3,78 millones de sacos. El volumen m\u00e1s alto en a\u00f1os. Producci\u00f3n anual alcanz\u00f3 14,9 millones\" \/>\n<meta property=\"og:url\" content=\"https:\/\/croper.com\/comunidad\/produccion-de-cafe-en-colombia\/\" \/>\n<meta property=\"og:site_name\" content=\"Croper News\" \/>\n<meta property=\"article:publisher\" content=\"https:\/\/www.facebook.com\/Croper.co\" \/>\n<meta property=\"article:published_time\" content=\"2025-04-07T13:20:04+00:00\" \/>\n<meta property=\"article:modified_time\" content=\"2025-04-07T13:20:05+00:00\" \/>\n<meta property=\"og:image\" content=\"https:\/\/croper.com\/comunidad\/wp-content\/uploads\/2025\/04\/La-produccion-de-cafe-alcanzo-149-millones-de-sacos.jpg\" \/>\n\t<meta property=\"og:image:width\" content=\"950\" \/>\n\t<meta property=\"og:image:height\" content=\"475\" \/>\n\t<meta property=\"og:image:type\" content=\"image\/jpeg\" \/>\n<meta name=\"author\" content=\"Croper\" \/>\n<meta name=\"twitter:card\" content=\"summary_large_image\" \/>\n<meta name=\"twitter:label1\" content=\"Escrito por\" \/>\n\t<meta name=\"twitter:data1\" content=\"Croper\" \/>\n\t<meta name=\"twitter:label2\" content=\"Tiempo de lectura\" \/>\n\t<meta name=\"twitter:data2\" content=\"3 minutos\" \/>\n<script type=\"application\/ld+json\" class=\"yoast-schema-graph\">{\"@context\":\"https:\/\/schema.org\",\"@graph\":[{\"@type\":[\"Article\",\"BlogPosting\"],\"@id\":\"https:\/\/croper.com\/comunidad\/produccion-de-cafe-en-colombia\/#article\",\"isPartOf\":{\"@id\":\"https:\/\/croper.com\/comunidad\/produccion-de-cafe-en-colombia\/\"},\"author\":{\"name\":\"Croper\",\"@id\":\"https:\/\/croper.com\/comunidad\/#\/schema\/person\/9f0c8e0dd5c1d1bbf258f614401111a1\"},\"headline\":\"Colombia produjo 3,78 millones de sacos de caf\u00e9 en el primer trimestre de 2025: la cifra m\u00e1s alta en a\u00f1os\",\"datePublished\":\"2025-04-07T13:20:04+00:00\",\"dateModified\":\"2025-04-07T13:20:05+00:00\",\"mainEntityOfPage\":{\"@id\":\"https:\/\/croper.com\/comunidad\/produccion-de-cafe-en-colombia\/\"},\"wordCount\":635,\"commentCount\":0,\"publisher\":{\"@id\":\"https:\/\/croper.com\/comunidad\/#organization\"},\"image\":{\"@id\":\"https:\/\/croper.com\/comunidad\/produccion-de-cafe-en-colombia\/#primaryimage\"},\"thumbnailUrl\":\"https:\/\/croper.com\/comunidad\/wp-content\/uploads\/2025\/04\/La-produccion-de-cafe-alcanzo-149-millones-de-sacos.jpg\",\"articleSection\":[\"Econ\u00f3mico\"],\"inLanguage\":\"es\",\"potentialAction\":[{\"@type\":\"CommentAction\",\"name\":\"Comment\",\"target\":[\"https:\/\/croper.com\/comunidad\/produccion-de-cafe-en-colombia\/#respond\"]}]},{\"@type\":\"WebPage\",\"@id\":\"https:\/\/croper.com\/comunidad\/produccion-de-cafe-en-colombia\/\",\"url\":\"https:\/\/croper.com\/comunidad\/produccion-de-cafe-en-colombia\/\",\"name\":\"Producci\u00f3n de caf\u00e9 en Colombia alcanz\u00f3 3,78 millones de sacos\",\"isPartOf\":{\"@id\":\"https:\/\/croper.com\/comunidad\/#website\"},\"primaryImageOfPage\":{\"@id\":\"https:\/\/croper.com\/comunidad\/produccion-de-cafe-en-colombia\/#primaryimage\"},\"image\":{\"@id\":\"https:\/\/croper.com\/comunidad\/produccion-de-cafe-en-colombia\/#primaryimage\"},\"thumbnailUrl\":\"https:\/\/croper.com\/comunidad\/wp-content\/uploads\/2025\/04\/La-produccion-de-cafe-alcanzo-149-millones-de-sacos.jpg\",\"datePublished\":\"2025-04-07T13:20:04+00:00\",\"dateModified\":\"2025-04-07T13:20:05+00:00\",\"description\":\"Producci\u00f3n de caf\u00e9 en Colombia alcanz\u00f3 3,78 millones de sacos. El volumen m\u00e1s alto en a\u00f1os. Producci\u00f3n anual alcanz\u00f3 14,9 millones\",\"breadcrumb\":{\"@id\":\"https:\/\/croper.com\/comunidad\/produccion-de-cafe-en-colombia\/#breadcrumb\"},\"inLanguage\":\"es\",\"potentialAction\":[{\"@type\":\"ReadAction\",\"target\":[\"https:\/\/croper.com\/comunidad\/produccion-de-cafe-en-colombia\/\"]}]},{\"@type\":\"ImageObject\",\"inLanguage\":\"es\",\"@id\":\"https:\/\/croper.com\/comunidad\/produccion-de-cafe-en-colombia\/#primaryimage\",\"url\":\"https:\/\/croper.com\/comunidad\/wp-content\/uploads\/2025\/04\/La-produccion-de-cafe-alcanzo-149-millones-de-sacos.jpg\",\"contentUrl\":\"https:\/\/croper.com\/comunidad\/wp-content\/uploads\/2025\/04\/La-produccion-de-cafe-alcanzo-149-millones-de-sacos.jpg\",\"width\":950,\"height\":475,\"caption\":\"Producci\u00f3n anual de caf\u00e9 alcanz\u00f3 14,9 millones de sacos\"},{\"@type\":\"BreadcrumbList\",\"@id\":\"https:\/\/croper.com\/comunidad\/produccion-de-cafe-en-colombia\/#breadcrumb\",\"itemListElement\":[{\"@type\":\"ListItem\",\"position\":1,\"name\":\"Inicio\",\"item\":\"https:\/\/croper.com\/comunidad\/\"},{\"@type\":\"ListItem\",\"position\":2,\"name\":\"Econ\u00f3mico\",\"item\":\"https:\/\/croper.com\/comunidad\/categoria\/economico\/\"},{\"@type\":\"ListItem\",\"position\":3,\"name\":\"Colombia produjo 3,78 millones de sacos de caf\u00e9 en el primer trimestre de 2025: la cifra m\u00e1s alta en a\u00f1os\"}]},{\"@type\":\"WebSite\",\"@id\":\"https:\/\/croper.com\/comunidad\/#website\",\"url\":\"https:\/\/croper.com\/comunidad\/\",\"name\":\"Croper\",\"description\":\"Inf\u00f3rmate sobre agricultura, ganader\u00eda y econom\u00eda rural en Colombia. Noticias del agro actualizadas y casos de \u00e9xito del campo colombiano en Croper News.\",\"publisher\":{\"@id\":\"https:\/\/croper.com\/comunidad\/#organization\"},\"alternateName\":\"Croper Noticias: Informaci\u00f3n actualizada del Agro en Colombia\",\"potentialAction\":[{\"@type\":\"SearchAction\",\"target\":{\"@type\":\"EntryPoint\",\"urlTemplate\":\"https:\/\/croper.com\/comunidad\/?s={search_term_string}\"},\"query-input\":{\"@type\":\"PropertyValueSpecification\",\"valueRequired\":true,\"valueName\":\"search_term_string\"}}],\"inLanguage\":\"es\"},{\"@type\":\"Organization\",\"@id\":\"https:\/\/croper.com\/comunidad\/#organization\",\"name\":\"Croper\",\"alternateName\":\"Noticias del Agro\",\"url\":\"https:\/\/croper.com\/comunidad\/\",\"logo\":{\"@type\":\"ImageObject\",\"inLanguage\":\"es\",\"@id\":\"https:\/\/croper.com\/comunidad\/#\/schema\/logo\/image\/\",\"url\":\"https:\/\/croper.com\/comunidad\/wp-content\/uploads\/2024\/07\/logo_nav-9c5b157b89dc75b64332b82a499d60afafb8109c059d2d1a271453db30fcb14f.svg\",\"contentUrl\":\"https:\/\/croper.com\/comunidad\/wp-content\/uploads\/2024\/07\/logo_nav-9c5b157b89dc75b64332b82a499d60afafb8109c059d2d1a271453db30fcb14f.svg\",\"width\":1104,\"height\":201,\"caption\":\"Croper\"},\"image\":{\"@id\":\"https:\/\/croper.com\/comunidad\/#\/schema\/logo\/image\/\"},\"sameAs\":[\"https:\/\/www.facebook.com\/Croper.co\",\"https:\/\/es.linkedin.com\/company\/agrofuturo\",\"https:\/\/www.instagram.com\/croper.co\/\",\"https:\/\/www.youtube.com\/channel\/UCaginzzd0hPCTB4Ka7rdZ_A\"]},{\"@type\":\"Person\",\"@id\":\"https:\/\/croper.com\/comunidad\/#\/schema\/person\/9f0c8e0dd5c1d1bbf258f614401111a1\",\"name\":\"Croper\",\"image\":{\"@type\":\"ImageObject\",\"inLanguage\":\"es\",\"@id\":\"https:\/\/croper.com\/comunidad\/#\/schema\/person\/image\/\",\"url\":\"https:\/\/secure.gravatar.com\/avatar\/ecbf0198929064404ab3af437adac294146c829b70cdca4a7eb42f4083086e79?s=96&d=mm&r=g\",\"contentUrl\":\"https:\/\/secure.gravatar.com\/avatar\/ecbf0198929064404ab3af437adac294146c829b70cdca4a7eb42f4083086e79?s=96&d=mm&r=g\",\"caption\":\"Croper\"},\"sameAs\":[\"http:\/\/172.175.33.11\/comunidad\"],\"url\":\"https:\/\/croper.com\/comunidad\/author\/56tyrfhdjdas_120z\/\"}]}<\/script>\n<!-- \/ Yoast SEO plugin. -->","yoast_head_json":{"title":"Producci\u00f3n de caf\u00e9 en Colombia alcanz\u00f3 3,78 millones de sacos","description":"Producci\u00f3n de caf\u00e9 en Colombia alcanz\u00f3 3,78 millones de sacos. El volumen m\u00e1s alto en a\u00f1os. Producci\u00f3n anual alcanz\u00f3 14,9 millones","robots":{"index":"index","follow":"follow","max-snippet":"max-snippet:-1","max-image-preview":"max-image-preview:large","max-video-preview":"max-video-preview:-1"},"canonical":"https:\/\/croper.com\/comunidad\/produccion-de-cafe-en-colombia\/","og_locale":"es_ES","og_type":"article","og_title":"Producci\u00f3n de caf\u00e9 en Colombia alcanz\u00f3 3,78 millones de sacos","og_description":"Producci\u00f3n de caf\u00e9 en Colombia alcanz\u00f3 3,78 millones de sacos. El volumen m\u00e1s alto en a\u00f1os. Producci\u00f3n anual alcanz\u00f3 14,9 millones","og_url":"https:\/\/croper.com\/comunidad\/produccion-de-cafe-en-colombia\/","og_site_name":"Croper News","article_publisher":"https:\/\/www.facebook.com\/Croper.co","article_published_time":"2025-04-07T13:20:04+00:00","article_modified_time":"2025-04-07T13:20:05+00:00","og_image":[{"width":950,"height":475,"url":"https:\/\/croper.com\/comunidad\/wp-content\/uploads\/2025\/04\/La-produccion-de-cafe-alcanzo-149-millones-de-sacos.jpg","type":"image\/jpeg"}],"author":"Croper","twitter_card":"summary_large_image","twitter_misc":{"Escrito por":"Croper","Tiempo de lectura":"3 minutos"},"schema":{"@context":"https:\/\/schema.org","@graph":[{"@type":["Article","BlogPosting"],"@id":"https:\/\/croper.com\/comunidad\/produccion-de-cafe-en-colombia\/#article","isPartOf":{"@id":"https:\/\/croper.com\/comunidad\/produccion-de-cafe-en-colombia\/"},"author":{"name":"Croper","@id":"https:\/\/croper.com\/comunidad\/#\/schema\/person\/9f0c8e0dd5c1d1bbf258f614401111a1"},"headline":"Colombia produjo 3,78 millones de sacos de caf\u00e9 en el primer trimestre de 2025: la cifra m\u00e1s alta en a\u00f1os","datePublished":"2025-04-07T13:20:04+00:00","dateModified":"2025-04-07T13:20:05+00:00","mainEntityOfPage":{"@id":"https:\/\/croper.com\/comunidad\/produccion-de-cafe-en-colombia\/"},"wordCount":635,"commentCount":0,"publisher":{"@id":"https:\/\/croper.com\/comunidad\/#organization"},"image":{"@id":"https:\/\/croper.com\/comunidad\/produccion-de-cafe-en-colombia\/#primaryimage"},"thumbnailUrl":"https:\/\/croper.com\/comunidad\/wp-content\/uploads\/2025\/04\/La-produccion-de-cafe-alcanzo-149-millones-de-sacos.jpg","articleSection":["Econ\u00f3mico"],"inLanguage":"es","potentialAction":[{"@type":"CommentAction","name":"Comment","target":["https:\/\/croper.com\/comunidad\/produccion-de-cafe-en-colombia\/#respond"]}]},{"@type":"WebPage","@id":"https:\/\/croper.com\/comunidad\/produccion-de-cafe-en-colombia\/","url":"https:\/\/croper.com\/comunidad\/produccion-de-cafe-en-colombia\/","name":"Producci\u00f3n de caf\u00e9 en Colombia alcanz\u00f3 3,78 millones de sacos","isPartOf":{"@id":"https:\/\/croper.com\/comunidad\/#website"},"primaryImageOfPage":{"@id":"https:\/\/croper.com\/comunidad\/produccion-de-cafe-en-colombia\/#primaryimage"},"image":{"@id":"https:\/\/croper.com\/comunidad\/produccion-de-cafe-en-colombia\/#primaryimage"},"thumbnailUrl":"https:\/\/croper.com\/comunidad\/wp-content\/uploads\/2025\/04\/La-produccion-de-cafe-alcanzo-149-millones-de-sacos.jpg","datePublished":"2025-04-07T13:20:04+00:00","dateModified":"2025-04-07T13:20:05+00:00","description":"Producci\u00f3n de caf\u00e9 en Colombia alcanz\u00f3 3,78 millones de sacos. El volumen m\u00e1s alto en a\u00f1os. Producci\u00f3n anual alcanz\u00f3 14,9 millones","breadcrumb":{"@id":"https:\/\/croper.com\/comunidad\/produccion-de-cafe-en-colombia\/#breadcrumb"},"inLanguage":"es","potentialAction":[{"@type":"ReadAction","target":["https:\/\/croper.com\/comunidad\/produccion-de-cafe-en-colombia\/"]}]},{"@type":"ImageObject","inLanguage":"es","@id":"https:\/\/croper.com\/comunidad\/produccion-de-cafe-en-colombia\/#primaryimage","url":"https:\/\/croper.com\/comunidad\/wp-content\/uploads\/2025\/04\/La-produccion-de-cafe-alcanzo-149-millones-de-sacos.jpg","contentUrl":"https:\/\/croper.com\/comunidad\/wp-content\/uploads\/2025\/04\/La-produccion-de-cafe-alcanzo-149-millones-de-sacos.jpg","width":950,"height":475,"caption":"Producci\u00f3n anual de caf\u00e9 alcanz\u00f3 14,9 millones de sacos"},{"@type":"BreadcrumbList","@id":"https:\/\/croper.com\/comunidad\/produccion-de-cafe-en-colombia\/#breadcrumb","itemListElement":[{"@type":"ListItem","position":1,"name":"Inicio","item":"https:\/\/croper.com\/comunidad\/"},{"@type":"ListItem","position":2,"name":"Econ\u00f3mico","item":"https:\/\/croper.com\/comunidad\/categoria\/economico\/"},{"@type":"ListItem","position":3,"name":"Colombia produjo 3,78 millones de sacos de caf\u00e9 en el primer trimestre de 2025: la cifra m\u00e1s alta en a\u00f1os"}]},{"@type":"WebSite","@id":"https:\/\/croper.com\/comunidad\/#website","url":"https:\/\/croper.com\/comunidad\/","name":"Croper","description":"Inf\u00f3rmate sobre agricultura, ganader\u00eda y econom\u00eda rural en Colombia. Noticias del agro actualizadas y casos de \u00e9xito del campo colombiano en Croper News.","publisher":{"@id":"https:\/\/croper.com\/comunidad\/#organization"},"alternateName":"Croper Noticias: Informaci\u00f3n actualizada del Agro en Colombia","potentialAction":[{"@type":"SearchAction","target":{"@type":"EntryPoint","urlTemplate":"https:\/\/croper.com\/comunidad\/?s={search_term_string}"},"query-input":{"@type":"PropertyValueSpecification","valueRequired":true,"valueName":"search_term_string"}}],"inLanguage":"es"},{"@type":"Organization","@id":"https:\/\/croper.com\/comunidad\/#organization","name":"Croper","alternateName":"Noticias del Agro","url":"https:\/\/croper.com\/comunidad\/","logo":{"@type":"ImageObject","inLanguage":"es","@id":"https:\/\/croper.com\/comunidad\/#\/schema\/logo\/image\/","url":"https:\/\/croper.com\/comunidad\/wp-content\/uploads\/2024\/07\/logo_nav-9c5b157b89dc75b64332b82a499d60afafb8109c059d2d1a271453db30fcb14f.svg","contentUrl":"https:\/\/croper.com\/comunidad\/wp-content\/uploads\/2024\/07\/logo_nav-9c5b157b89dc75b64332b82a499d60afafb8109c059d2d1a271453db30fcb14f.svg","width":1104,"height":201,"caption":"Croper"},"image":{"@id":"https:\/\/croper.com\/comunidad\/#\/schema\/logo\/image\/"},"sameAs":["https:\/\/www.facebook.com\/Croper.co","https:\/\/es.linkedin.com\/company\/agrofuturo","https:\/\/www.instagram.com\/croper.co\/","https:\/\/www.youtube.com\/channel\/UCaginzzd0hPCTB4Ka7rdZ_A"]},{"@type":"Person","@id":"https:\/\/croper.com\/comunidad\/#\/schema\/person\/9f0c8e0dd5c1d1bbf258f614401111a1","name":"Croper","image":{"@type":"ImageObject","inLanguage":"es","@id":"https:\/\/croper.com\/comunidad\/#\/schema\/person\/image\/","url":"https:\/\/secure.gravatar.com\/avatar\/ecbf0198929064404ab3af437adac294146c829b70cdca4a7eb42f4083086e79?s=96&d=mm&r=g","contentUrl":"https:\/\/secure.gravatar.com\/avatar\/ecbf0198929064404ab3af437adac294146c829b70cdca4a7eb42f4083086e79?s=96&d=mm&r=g","caption":"Croper"},"sameAs":["http:\/\/172.175.33.11\/comunidad"],"url":"https:\/\/croper.com\/comunidad\/author\/56tyrfhdjdas_120z\/"}]}},"_links":{"self":[{"href":"https:\/\/croper.com\/comunidad\/wp-json\/wp\/v2\/posts\/19581","targetHints":{"allow":["GET"]}}],"collection":[{"href":"https:\/\/croper.com\/comunidad\/wp-json\/wp\/v2\/posts"}],"about":[{"href":"https:\/\/croper.com\/comunidad\/wp-json\/wp\/v2\/types\/post"}],"author":[{"embeddable":true,"href":"https:\/\/croper.com\/comunidad\/wp-json\/wp\/v2\/users\/1"}],"replies":[{"embeddable":true,"href":"https:\/\/croper.com\/comunidad\/wp-json\/wp\/v2\/comments?post=19581"}],"version-history":[{"count":1,"href":"https:\/\/croper.com\/comunidad\/wp-json\/wp\/v2\/posts\/19581\/revisions"}],"predecessor-version":[{"id":19583,"href":"https:\/\/croper.com\/comunidad\/wp-json\/wp\/v2\/posts\/19581\/revisions\/19583"}],"wp:featuredmedia":[{"embeddable":true,"href":"https:\/\/croper.com\/comunidad\/wp-json\/wp\/v2\/media\/19582"}],"wp:attachment":[{"href":"https:\/\/croper.com\/comunidad\/wp-json\/wp\/v2\/media?parent=19581"}],"wp:term":[{"taxonomy":"category","embeddable":true,"href":"https:\/\/croper.com\/comunidad\/wp-json\/wp\/v2\/categories?post=19581"},{"taxonomy":"post_tag","embeddable":true,"href":"https:\/\/croper.com\/comunidad\/wp-json\/wp\/v2\/tags?post=19581"}],"curies":[{"name":"wp","href":"https:\/\/api.w.org\/{rel}","templated":true}]}}