{"id":19473,"date":"2025-04-04T08:26:13","date_gmt":"2025-04-04T13:26:13","guid":{"rendered":"https:\/\/croper.com\/comunidad\/?p=19473"},"modified":"2025-04-08T08:03:18","modified_gmt":"2025-04-08T13:03:18","slug":"aranceles-a-productos-del-agro-colombiano","status":"publish","type":"post","link":"https:\/\/croper.com\/comunidad\/aranceles-a-productos-del-agro-colombiano\/","title":{"rendered":"Aranceles del 10% preocupan al agro colombiano por impacto en exportaciones a EE.UU."},"content":{"rendered":"\n<p><\/p>\n\n\n\n<p>La reciente decisi\u00f3n del gobierno de Estados Unidos, presidido por Donald Trump, de <strong>imponer un arancel del 10% a las exportaciones colombianas<\/strong>, ha encendido las alarmas en el sector agropecuario nacional. Productos clave como <strong><a href=\"https:\/\/croper.com\/\">flores, caf\u00e9, banano, aguacate Hass, panela y tilapia<\/a><\/strong> podr\u00edan enfrentar una disminuci\u00f3n significativa en su competitividad internacional.<\/p>\n\n\n\n<p>Seg\u00fan <strong>Jorge Enrique Bedoya<\/strong>, presidente de la <strong>Sociedad de Agricultores de Colombia (SAC)<\/strong>, esta medida pone en riesgo las ventas de un sector que el a\u00f1o pasado export\u00f3 m\u00e1s de <strong>US$3.642 millones<\/strong>. \u201cLos aranceles son una decisi\u00f3n aut\u00f3noma del Gobierno estadounidense, pero el impacto en el agro colombiano ser\u00e1 profundo y preocupante\u201d, asegur\u00f3.<\/p>\n\n\n\n<h3 class=\"wp-block-heading\">Caf\u00e9, el producto m\u00e1s vulnerable ante el alza de aranceles<\/h3>\n\n\n\n<p>Uno de los sectores m\u00e1s afectados ser\u00eda el del caf\u00e9, especialmente el <strong>caf\u00e9 sin tostar<\/strong>, que representa <strong>9,2% de las exportaciones agropecuarias<\/strong> hacia Estados Unidos. De acuerdo con cifras de la <strong>Federaci\u00f3n Nacional de Cafeteros (Fedecaf\u00e9)<\/strong>, <strong>EE.UU. es el principal destino del caf\u00e9 colombiano<\/strong>, con un 40% de participaci\u00f3n en las exportaciones y ventas superiores a los <strong>US$1.100 millones anuales<\/strong>.<\/p>\n\n\n\n<p><strong>Germ\u00e1n Baham\u00f3n<\/strong>, gerente general de Fedecaf\u00e9, record\u00f3 que este cultivo es el sustento de <strong>m\u00e1s de 560.000 familias cafeteras<\/strong> en el pa\u00eds. \u201cEstas decisiones afectan el coraz\u00f3n productivo de Colombia. La competitividad del caf\u00e9 no puede estar sujeta a medidas que distorsionan el comercio justo\u201d, afirm\u00f3.<\/p>\n\n\n\n<p>Adem\u00e1s, hay un impacto indirecto en la econom\u00eda estadounidense. Baham\u00f3n explic\u00f3 que por cada d\u00f3lar de caf\u00e9 colombiano exportado, <strong>se generan US$4,5 de valor a\u00f1adido en EE.UU.<\/strong>, debido a toda la cadena de valor que activa el grano en ese pa\u00eds: tostado, distribuci\u00f3n, retail y consumo.<\/p>\n\n\n\n<h3 class=\"wp-block-heading\">Flores y banano tambi\u00e9n en riesgo<\/h3>\n\n\n\n<p>La <strong>industria floricultora<\/strong>, otro pilar de las exportaciones colombianas, se encuentra igualmente amenazada. Aunque Colombia exporta flores frescas a m\u00e1s de 100 pa\u00edses, <strong>el 85% de los bouquets en los supermercados de EE.UU. son colombianos<\/strong>, seg\u00fan cifras de <strong>Asocolflores<\/strong>.<\/p>\n\n\n\n<p>Este sector logr\u00f3 un crecimiento del <strong>15,6% en 2024<\/strong>, al pasar de <strong>US$959 millones en 2023<\/strong> a <strong>US$1.108 millones el a\u00f1o pasado<\/strong>, lo que refleja su fuerte dependencia del mercado estadounidense. Cualquier incremento en los costos de entrada puede significar p\u00e9rdida de competitividad frente a pa\u00edses como Ecuador o Kenia.<\/p>\n\n\n\n<p>El <strong>banano<\/strong> y el <strong>aguacate Hass<\/strong> tambi\u00e9n figuran entre los productos m\u00e1s exportados a EE.UU., as\u00ed como la <strong>panela<\/strong>, las <strong>arom\u00e1ticas<\/strong> y la <strong>tilapia<\/strong>, lo que confirma que buena parte del agro nacional est\u00e1 expuesto a los efectos de esta medida.<\/p>\n\n\n\n<h3 class=\"wp-block-heading\">\u00bfEs posible sustituir el mercado de Estados Unidos?<\/h3>\n\n\n\n<p>Seg\u00fan Bedoya, <strong>sustituir el mercado estadounidense no es una opci\u00f3n f\u00e1cil<\/strong>. Se necesitar\u00edan acuerdos comerciales de largo plazo y fortalecimiento de la infraestructura log\u00edstica para acceder con igual eficiencia a otros destinos. \u201cReemplazar a EE.UU. como socio comercial agropecuario ser\u00eda extremadamente dif\u00edcil. Este tipo de decisiones pueden afectar miles de empleos rurales\u201d, advirti\u00f3.<\/p>\n\n\n\n<p><strong>Javier D\u00edaz<\/strong>, presidente de <strong>Analdex<\/strong>, tambi\u00e9n se pronunci\u00f3 se\u00f1alando que <strong>32% de las exportaciones colombianas hacia EE.UU. provienen del sector agro<\/strong>, lo que representa cerca de <strong>US$4.600 millones<\/strong> anuales. D\u00edaz destac\u00f3 que \u201ctenemos los argumentos desde la diplomacia comercial para mostrar el valor que nuestros productos generan all\u00e1. No es solo exportaci\u00f3n, es valor compartido\u201d.<\/p>\n\n\n\n<h3 class=\"wp-block-heading\">\u00bfY los insumos importados desde EE.UU.?<\/h3>\n\n\n\n<p>El efecto arancelario no solo afecta a los productos que Colombia env\u00eda, sino tambi\u00e9n a los <strong>insumos agr\u00edcolas y pecuarios que el pa\u00eds importa desde EE.UU.<\/strong>. Esto incluye <strong>ma\u00edz, trigo, soya, frijol y torta de soya<\/strong>, ingredientes fundamentales para la producci\u00f3n de <strong>pollo, cerdo, huevo, leche y carne<\/strong>.<\/p>\n\n\n\n<p>Bedoya advirti\u00f3 que una posible <strong>respuesta de Colombia con aranceles a estos insumos<\/strong> podr\u00eda <strong>encarecer los alimentos b\u00e1sicos<\/strong> de la canasta familiar. \u201cUna guerra comercial ser\u00eda devastadora para el consumidor colombiano, especialmente los m\u00e1s vulnerables\u201d, afirm\u00f3.<\/p>\n\n\n\n<h3 class=\"wp-block-heading\">\u00bfQu\u00e9 alternativas tiene Colombia?<\/h3>\n\n\n\n<p><strong>Andr\u00e9s Valencia<\/strong>, exministro de Agricultura, explic\u00f3 que reemplazar el ma\u00edz estadounidense requerir\u00eda sembrar <strong>1,2 millones de hect\u00e1reas<\/strong>, cuando en 2024 apenas se produjeron <strong>923.000 toneladas de ma\u00edz amarillo tecnificado<\/strong>, con una productividad promedio de <strong>5,8 toneladas por hect\u00e1rea<\/strong>.<\/p>\n\n\n\n<p>Esto evidencia que <strong>Colombia no cuenta con la capacidad inmediata para suplir su demanda interna de insumos<\/strong>, lo que podr\u00eda derivar en un encarecimiento generalizado de los alimentos si no se gestiona con diplomacia y acuerdos multilaterales.<br><br><a href=\"https:\/\/www.agronegocios.co\/agricultura\/preocupacion-en-el-agro-por-aranceles-del-10-impuesto-por-presidente-de-ee-uu-a-colombia-4101357\">Tomado de: Portal Fruticola<\/a><br>Editado por: <a href=\"https:\/\/croper.com\/\">Croper<\/a><\/p>\n","protected":false},"excerpt":{"rendered":"<p>La reciente decisi\u00f3n del gobierno de Estados Unidos, presidido por Donald Trump, de imponer un arancel del 10% a las exportaciones colombianas, ha encendido las alarmas en el sector agropecuario nacional. Productos clave como flores, caf\u00e9, banano, aguacate Hass, panela y tilapia podr\u00edan enfrentar una disminuci\u00f3n significativa en su competitividad internacional. Seg\u00fan Jorge Enrique Bedoya, [&hellip;]<\/p>\n","protected":false},"author":1,"featured_media":19474,"comment_status":"open","ping_status":"open","sticky":false,"template":"","format":"standard","meta":{"_bbp_topic_count":0,"_bbp_reply_count":0,"_bbp_total_topic_count":0,"_bbp_total_reply_count":0,"_bbp_voice_count":0,"_bbp_anonymous_reply_count":0,"_bbp_topic_count_hidden":0,"_bbp_reply_count_hidden":0,"_bbp_forum_subforum_count":0,"footnotes":""},"categories":[6],"tags":[],"class_list":["post-19473","post","type-post","status-publish","format-standard","has-post-thumbnail","hentry","category-agricultura"],"yoast_head":"<!-- This site is optimized with the Yoast SEO plugin v26.2 - https:\/\/yoast.com\/wordpress\/plugins\/seo\/ -->\n<title>Preocupaci\u00f3n por aranceles a productos del agro colombiano<\/title>\n<meta name=\"description\" content=\"Sectores como el caf\u00e9, las flores y el banano enfrentan incertidumbre por aranceles del 10% que impuso EE.UU. a productos del agro colombiano.\" \/>\n<meta name=\"robots\" content=\"index, follow, max-snippet:-1, max-image-preview:large, max-video-preview:-1\" \/>\n<link rel=\"canonical\" href=\"https:\/\/croper.com\/comunidad\/aranceles-a-productos-del-agro-colombiano\/\" \/>\n<meta property=\"og:locale\" content=\"es_ES\" \/>\n<meta property=\"og:type\" content=\"article\" \/>\n<meta property=\"og:title\" content=\"Preocupaci\u00f3n por aranceles a productos del agro colombiano\" \/>\n<meta property=\"og:description\" content=\"Sectores como el caf\u00e9, las flores y el banano enfrentan incertidumbre por aranceles del 10% que impuso EE.UU. a productos del agro colombiano.\" \/>\n<meta property=\"og:url\" content=\"https:\/\/croper.com\/comunidad\/aranceles-a-productos-del-agro-colombiano\/\" \/>\n<meta property=\"og:site_name\" content=\"Croper News\" \/>\n<meta property=\"article:publisher\" content=\"https:\/\/www.facebook.com\/Croper.co\" \/>\n<meta property=\"article:published_time\" content=\"2025-04-04T13:26:13+00:00\" \/>\n<meta property=\"article:modified_time\" content=\"2025-04-08T13:03:18+00:00\" \/>\n<meta property=\"og:image\" content=\"https:\/\/croper.com\/comunidad\/wp-content\/uploads\/2025\/04\/aranceles-a-productos-del-agro-colombiano.jpg\" \/>\n\t<meta property=\"og:image:width\" content=\"474\" \/>\n\t<meta property=\"og:image:height\" content=\"255\" \/>\n\t<meta property=\"og:image:type\" content=\"image\/jpeg\" \/>\n<meta name=\"author\" content=\"Croper\" \/>\n<meta name=\"twitter:card\" content=\"summary_large_image\" \/>\n<meta name=\"twitter:label1\" content=\"Escrito por\" \/>\n\t<meta name=\"twitter:data1\" content=\"Croper\" \/>\n\t<meta name=\"twitter:label2\" content=\"Tiempo de lectura\" \/>\n\t<meta name=\"twitter:data2\" content=\"4 minutos\" \/>\n<script type=\"application\/ld+json\" class=\"yoast-schema-graph\">{\"@context\":\"https:\/\/schema.org\",\"@graph\":[{\"@type\":[\"Article\",\"BlogPosting\"],\"@id\":\"https:\/\/croper.com\/comunidad\/aranceles-a-productos-del-agro-colombiano\/#article\",\"isPartOf\":{\"@id\":\"https:\/\/croper.com\/comunidad\/aranceles-a-productos-del-agro-colombiano\/\"},\"author\":{\"name\":\"Croper\",\"@id\":\"https:\/\/croper.com\/comunidad\/#\/schema\/person\/9f0c8e0dd5c1d1bbf258f614401111a1\"},\"headline\":\"Aranceles del 10% preocupan al agro colombiano por impacto en exportaciones a EE.UU.\",\"datePublished\":\"2025-04-04T13:26:13+00:00\",\"dateModified\":\"2025-04-08T13:03:18+00:00\",\"mainEntityOfPage\":{\"@id\":\"https:\/\/croper.com\/comunidad\/aranceles-a-productos-del-agro-colombiano\/\"},\"wordCount\":765,\"commentCount\":0,\"publisher\":{\"@id\":\"https:\/\/croper.com\/comunidad\/#organization\"},\"image\":{\"@id\":\"https:\/\/croper.com\/comunidad\/aranceles-a-productos-del-agro-colombiano\/#primaryimage\"},\"thumbnailUrl\":\"https:\/\/croper.com\/comunidad\/wp-content\/uploads\/2025\/04\/aranceles-a-productos-del-agro-colombiano.jpg\",\"articleSection\":[\"Agricultura\"],\"inLanguage\":\"es\",\"potentialAction\":[{\"@type\":\"CommentAction\",\"name\":\"Comment\",\"target\":[\"https:\/\/croper.com\/comunidad\/aranceles-a-productos-del-agro-colombiano\/#respond\"]}]},{\"@type\":\"WebPage\",\"@id\":\"https:\/\/croper.com\/comunidad\/aranceles-a-productos-del-agro-colombiano\/\",\"url\":\"https:\/\/croper.com\/comunidad\/aranceles-a-productos-del-agro-colombiano\/\",\"name\":\"Preocupaci\u00f3n por aranceles a productos del agro colombiano\",\"isPartOf\":{\"@id\":\"https:\/\/croper.com\/comunidad\/#website\"},\"primaryImageOfPage\":{\"@id\":\"https:\/\/croper.com\/comunidad\/aranceles-a-productos-del-agro-colombiano\/#primaryimage\"},\"image\":{\"@id\":\"https:\/\/croper.com\/comunidad\/aranceles-a-productos-del-agro-colombiano\/#primaryimage\"},\"thumbnailUrl\":\"https:\/\/croper.com\/comunidad\/wp-content\/uploads\/2025\/04\/aranceles-a-productos-del-agro-colombiano.jpg\",\"datePublished\":\"2025-04-04T13:26:13+00:00\",\"dateModified\":\"2025-04-08T13:03:18+00:00\",\"description\":\"Sectores como el caf\u00e9, las flores y el banano enfrentan incertidumbre por aranceles del 10% que impuso EE.UU. a productos del agro colombiano.\",\"breadcrumb\":{\"@id\":\"https:\/\/croper.com\/comunidad\/aranceles-a-productos-del-agro-colombiano\/#breadcrumb\"},\"inLanguage\":\"es\",\"potentialAction\":[{\"@type\":\"ReadAction\",\"target\":[\"https:\/\/croper.com\/comunidad\/aranceles-a-productos-del-agro-colombiano\/\"]}]},{\"@type\":\"ImageObject\",\"inLanguage\":\"es\",\"@id\":\"https:\/\/croper.com\/comunidad\/aranceles-a-productos-del-agro-colombiano\/#primaryimage\",\"url\":\"https:\/\/croper.com\/comunidad\/wp-content\/uploads\/2025\/04\/aranceles-a-productos-del-agro-colombiano.jpg\",\"contentUrl\":\"https:\/\/croper.com\/comunidad\/wp-content\/uploads\/2025\/04\/aranceles-a-productos-del-agro-colombiano.jpg\",\"width\":474,\"height\":255,\"caption\":\"aranceles a productos del agro colombiano\"},{\"@type\":\"BreadcrumbList\",\"@id\":\"https:\/\/croper.com\/comunidad\/aranceles-a-productos-del-agro-colombiano\/#breadcrumb\",\"itemListElement\":[{\"@type\":\"ListItem\",\"position\":1,\"name\":\"Inicio\",\"item\":\"https:\/\/croper.com\/comunidad\/\"},{\"@type\":\"ListItem\",\"position\":2,\"name\":\"Agricultura\",\"item\":\"https:\/\/croper.com\/comunidad\/categoria\/agricultura\/\"},{\"@type\":\"ListItem\",\"position\":3,\"name\":\"Aranceles del 10% preocupan al agro colombiano por impacto en exportaciones a EE.UU.\"}]},{\"@type\":\"WebSite\",\"@id\":\"https:\/\/croper.com\/comunidad\/#website\",\"url\":\"https:\/\/croper.com\/comunidad\/\",\"name\":\"Croper\",\"description\":\"Inf\u00f3rmate sobre agricultura, ganader\u00eda y econom\u00eda rural en Colombia. Noticias del agro actualizadas y casos de \u00e9xito del campo colombiano en Croper News.\",\"publisher\":{\"@id\":\"https:\/\/croper.com\/comunidad\/#organization\"},\"alternateName\":\"Croper Noticias: Informaci\u00f3n actualizada del Agro en Colombia\",\"potentialAction\":[{\"@type\":\"SearchAction\",\"target\":{\"@type\":\"EntryPoint\",\"urlTemplate\":\"https:\/\/croper.com\/comunidad\/?s={search_term_string}\"},\"query-input\":{\"@type\":\"PropertyValueSpecification\",\"valueRequired\":true,\"valueName\":\"search_term_string\"}}],\"inLanguage\":\"es\"},{\"@type\":\"Organization\",\"@id\":\"https:\/\/croper.com\/comunidad\/#organization\",\"name\":\"Croper\",\"alternateName\":\"Noticias del Agro\",\"url\":\"https:\/\/croper.com\/comunidad\/\",\"logo\":{\"@type\":\"ImageObject\",\"inLanguage\":\"es\",\"@id\":\"https:\/\/croper.com\/comunidad\/#\/schema\/logo\/image\/\",\"url\":\"https:\/\/croper.com\/comunidad\/wp-content\/uploads\/2024\/07\/logo_nav-9c5b157b89dc75b64332b82a499d60afafb8109c059d2d1a271453db30fcb14f.svg\",\"contentUrl\":\"https:\/\/croper.com\/comunidad\/wp-content\/uploads\/2024\/07\/logo_nav-9c5b157b89dc75b64332b82a499d60afafb8109c059d2d1a271453db30fcb14f.svg\",\"width\":1104,\"height\":201,\"caption\":\"Croper\"},\"image\":{\"@id\":\"https:\/\/croper.com\/comunidad\/#\/schema\/logo\/image\/\"},\"sameAs\":[\"https:\/\/www.facebook.com\/Croper.co\",\"https:\/\/es.linkedin.com\/company\/agrofuturo\",\"https:\/\/www.instagram.com\/croper.co\/\",\"https:\/\/www.youtube.com\/channel\/UCaginzzd0hPCTB4Ka7rdZ_A\"]},{\"@type\":\"Person\",\"@id\":\"https:\/\/croper.com\/comunidad\/#\/schema\/person\/9f0c8e0dd5c1d1bbf258f614401111a1\",\"name\":\"Croper\",\"image\":{\"@type\":\"ImageObject\",\"inLanguage\":\"es\",\"@id\":\"https:\/\/croper.com\/comunidad\/#\/schema\/person\/image\/\",\"url\":\"https:\/\/secure.gravatar.com\/avatar\/ecbf0198929064404ab3af437adac294146c829b70cdca4a7eb42f4083086e79?s=96&d=mm&r=g\",\"contentUrl\":\"https:\/\/secure.gravatar.com\/avatar\/ecbf0198929064404ab3af437adac294146c829b70cdca4a7eb42f4083086e79?s=96&d=mm&r=g\",\"caption\":\"Croper\"},\"sameAs\":[\"http:\/\/172.175.33.11\/comunidad\"],\"url\":\"https:\/\/croper.com\/comunidad\/author\/56tyrfhdjdas_120z\/\"}]}<\/script>\n<!-- \/ Yoast SEO plugin. -->","yoast_head_json":{"title":"Preocupaci\u00f3n por aranceles a productos del agro colombiano","description":"Sectores como el caf\u00e9, las flores y el banano enfrentan incertidumbre por aranceles del 10% que impuso EE.UU. a productos del agro colombiano.","robots":{"index":"index","follow":"follow","max-snippet":"max-snippet:-1","max-image-preview":"max-image-preview:large","max-video-preview":"max-video-preview:-1"},"canonical":"https:\/\/croper.com\/comunidad\/aranceles-a-productos-del-agro-colombiano\/","og_locale":"es_ES","og_type":"article","og_title":"Preocupaci\u00f3n por aranceles a productos del agro colombiano","og_description":"Sectores como el caf\u00e9, las flores y el banano enfrentan incertidumbre por aranceles del 10% que impuso EE.UU. a productos del agro colombiano.","og_url":"https:\/\/croper.com\/comunidad\/aranceles-a-productos-del-agro-colombiano\/","og_site_name":"Croper News","article_publisher":"https:\/\/www.facebook.com\/Croper.co","article_published_time":"2025-04-04T13:26:13+00:00","article_modified_time":"2025-04-08T13:03:18+00:00","og_image":[{"width":474,"height":255,"url":"https:\/\/croper.com\/comunidad\/wp-content\/uploads\/2025\/04\/aranceles-a-productos-del-agro-colombiano.jpg","type":"image\/jpeg"}],"author":"Croper","twitter_card":"summary_large_image","twitter_misc":{"Escrito por":"Croper","Tiempo de lectura":"4 minutos"},"schema":{"@context":"https:\/\/schema.org","@graph":[{"@type":["Article","BlogPosting"],"@id":"https:\/\/croper.com\/comunidad\/aranceles-a-productos-del-agro-colombiano\/#article","isPartOf":{"@id":"https:\/\/croper.com\/comunidad\/aranceles-a-productos-del-agro-colombiano\/"},"author":{"name":"Croper","@id":"https:\/\/croper.com\/comunidad\/#\/schema\/person\/9f0c8e0dd5c1d1bbf258f614401111a1"},"headline":"Aranceles del 10% preocupan al agro colombiano por impacto en exportaciones a EE.UU.","datePublished":"2025-04-04T13:26:13+00:00","dateModified":"2025-04-08T13:03:18+00:00","mainEntityOfPage":{"@id":"https:\/\/croper.com\/comunidad\/aranceles-a-productos-del-agro-colombiano\/"},"wordCount":765,"commentCount":0,"publisher":{"@id":"https:\/\/croper.com\/comunidad\/#organization"},"image":{"@id":"https:\/\/croper.com\/comunidad\/aranceles-a-productos-del-agro-colombiano\/#primaryimage"},"thumbnailUrl":"https:\/\/croper.com\/comunidad\/wp-content\/uploads\/2025\/04\/aranceles-a-productos-del-agro-colombiano.jpg","articleSection":["Agricultura"],"inLanguage":"es","potentialAction":[{"@type":"CommentAction","name":"Comment","target":["https:\/\/croper.com\/comunidad\/aranceles-a-productos-del-agro-colombiano\/#respond"]}]},{"@type":"WebPage","@id":"https:\/\/croper.com\/comunidad\/aranceles-a-productos-del-agro-colombiano\/","url":"https:\/\/croper.com\/comunidad\/aranceles-a-productos-del-agro-colombiano\/","name":"Preocupaci\u00f3n por aranceles a productos del agro colombiano","isPartOf":{"@id":"https:\/\/croper.com\/comunidad\/#website"},"primaryImageOfPage":{"@id":"https:\/\/croper.com\/comunidad\/aranceles-a-productos-del-agro-colombiano\/#primaryimage"},"image":{"@id":"https:\/\/croper.com\/comunidad\/aranceles-a-productos-del-agro-colombiano\/#primaryimage"},"thumbnailUrl":"https:\/\/croper.com\/comunidad\/wp-content\/uploads\/2025\/04\/aranceles-a-productos-del-agro-colombiano.jpg","datePublished":"2025-04-04T13:26:13+00:00","dateModified":"2025-04-08T13:03:18+00:00","description":"Sectores como el caf\u00e9, las flores y el banano enfrentan incertidumbre por aranceles del 10% que impuso EE.UU. a productos del agro colombiano.","breadcrumb":{"@id":"https:\/\/croper.com\/comunidad\/aranceles-a-productos-del-agro-colombiano\/#breadcrumb"},"inLanguage":"es","potentialAction":[{"@type":"ReadAction","target":["https:\/\/croper.com\/comunidad\/aranceles-a-productos-del-agro-colombiano\/"]}]},{"@type":"ImageObject","inLanguage":"es","@id":"https:\/\/croper.com\/comunidad\/aranceles-a-productos-del-agro-colombiano\/#primaryimage","url":"https:\/\/croper.com\/comunidad\/wp-content\/uploads\/2025\/04\/aranceles-a-productos-del-agro-colombiano.jpg","contentUrl":"https:\/\/croper.com\/comunidad\/wp-content\/uploads\/2025\/04\/aranceles-a-productos-del-agro-colombiano.jpg","width":474,"height":255,"caption":"aranceles a productos del agro colombiano"},{"@type":"BreadcrumbList","@id":"https:\/\/croper.com\/comunidad\/aranceles-a-productos-del-agro-colombiano\/#breadcrumb","itemListElement":[{"@type":"ListItem","position":1,"name":"Inicio","item":"https:\/\/croper.com\/comunidad\/"},{"@type":"ListItem","position":2,"name":"Agricultura","item":"https:\/\/croper.com\/comunidad\/categoria\/agricultura\/"},{"@type":"ListItem","position":3,"name":"Aranceles del 10% preocupan al agro colombiano por impacto en exportaciones a EE.UU."}]},{"@type":"WebSite","@id":"https:\/\/croper.com\/comunidad\/#website","url":"https:\/\/croper.com\/comunidad\/","name":"Croper","description":"Inf\u00f3rmate sobre agricultura, ganader\u00eda y econom\u00eda rural en Colombia. Noticias del agro actualizadas y casos de \u00e9xito del campo colombiano en Croper News.","publisher":{"@id":"https:\/\/croper.com\/comunidad\/#organization"},"alternateName":"Croper Noticias: Informaci\u00f3n actualizada del Agro en Colombia","potentialAction":[{"@type":"SearchAction","target":{"@type":"EntryPoint","urlTemplate":"https:\/\/croper.com\/comunidad\/?s={search_term_string}"},"query-input":{"@type":"PropertyValueSpecification","valueRequired":true,"valueName":"search_term_string"}}],"inLanguage":"es"},{"@type":"Organization","@id":"https:\/\/croper.com\/comunidad\/#organization","name":"Croper","alternateName":"Noticias del Agro","url":"https:\/\/croper.com\/comunidad\/","logo":{"@type":"ImageObject","inLanguage":"es","@id":"https:\/\/croper.com\/comunidad\/#\/schema\/logo\/image\/","url":"https:\/\/croper.com\/comunidad\/wp-content\/uploads\/2024\/07\/logo_nav-9c5b157b89dc75b64332b82a499d60afafb8109c059d2d1a271453db30fcb14f.svg","contentUrl":"https:\/\/croper.com\/comunidad\/wp-content\/uploads\/2024\/07\/logo_nav-9c5b157b89dc75b64332b82a499d60afafb8109c059d2d1a271453db30fcb14f.svg","width":1104,"height":201,"caption":"Croper"},"image":{"@id":"https:\/\/croper.com\/comunidad\/#\/schema\/logo\/image\/"},"sameAs":["https:\/\/www.facebook.com\/Croper.co","https:\/\/es.linkedin.com\/company\/agrofuturo","https:\/\/www.instagram.com\/croper.co\/","https:\/\/www.youtube.com\/channel\/UCaginzzd0hPCTB4Ka7rdZ_A"]},{"@type":"Person","@id":"https:\/\/croper.com\/comunidad\/#\/schema\/person\/9f0c8e0dd5c1d1bbf258f614401111a1","name":"Croper","image":{"@type":"ImageObject","inLanguage":"es","@id":"https:\/\/croper.com\/comunidad\/#\/schema\/person\/image\/","url":"https:\/\/secure.gravatar.com\/avatar\/ecbf0198929064404ab3af437adac294146c829b70cdca4a7eb42f4083086e79?s=96&d=mm&r=g","contentUrl":"https:\/\/secure.gravatar.com\/avatar\/ecbf0198929064404ab3af437adac294146c829b70cdca4a7eb42f4083086e79?s=96&d=mm&r=g","caption":"Croper"},"sameAs":["http:\/\/172.175.33.11\/comunidad"],"url":"https:\/\/croper.com\/comunidad\/author\/56tyrfhdjdas_120z\/"}]}},"_links":{"self":[{"href":"https:\/\/croper.com\/comunidad\/wp-json\/wp\/v2\/posts\/19473","targetHints":{"allow":["GET"]}}],"collection":[{"href":"https:\/\/croper.com\/comunidad\/wp-json\/wp\/v2\/posts"}],"about":[{"href":"https:\/\/croper.com\/comunidad\/wp-json\/wp\/v2\/types\/post"}],"author":[{"embeddable":true,"href":"https:\/\/croper.com\/comunidad\/wp-json\/wp\/v2\/users\/1"}],"replies":[{"embeddable":true,"href":"https:\/\/croper.com\/comunidad\/wp-json\/wp\/v2\/comments?post=19473"}],"version-history":[{"count":1,"href":"https:\/\/croper.com\/comunidad\/wp-json\/wp\/v2\/posts\/19473\/revisions"}],"predecessor-version":[{"id":19475,"href":"https:\/\/croper.com\/comunidad\/wp-json\/wp\/v2\/posts\/19473\/revisions\/19475"}],"wp:featuredmedia":[{"embeddable":true,"href":"https:\/\/croper.com\/comunidad\/wp-json\/wp\/v2\/media\/19474"}],"wp:attachment":[{"href":"https:\/\/croper.com\/comunidad\/wp-json\/wp\/v2\/media?parent=19473"}],"wp:term":[{"taxonomy":"category","embeddable":true,"href":"https:\/\/croper.com\/comunidad\/wp-json\/wp\/v2\/categories?post=19473"},{"taxonomy":"post_tag","embeddable":true,"href":"https:\/\/croper.com\/comunidad\/wp-json\/wp\/v2\/tags?post=19473"}],"curies":[{"name":"wp","href":"https:\/\/api.w.org\/{rel}","templated":true}]}}