{"id":19354,"date":"2025-03-17T09:13:41","date_gmt":"2025-03-17T14:13:41","guid":{"rendered":"https:\/\/croper.com\/comunidad\/?p=19354"},"modified":"2025-03-17T09:13:42","modified_gmt":"2025-03-17T14:13:42","slug":"efecto-espejo-sucio","status":"publish","type":"post","link":"https:\/\/croper.com\/comunidad\/efecto-espejo-sucio\/","title":{"rendered":"El efecto \u201cespejo sucio\u201d: c\u00f3mo la disminuci\u00f3n del albedo terrestre acelera el cambio clim\u00e1tico"},"content":{"rendered":"\n<p><strong>\u00bfQu\u00e9 es el efecto \u00abespejo sucio\u00bb y c\u00f3mo afecta al planeta?<\/strong><\/p>\n\n\n\n<p>La disminuci\u00f3n del albedo terrestre, conocida como el efecto \u00abespejo sucio\u00bb, es un fen\u00f3meno que est\u00e1 acelerando el calentamiento global. Este t\u00e9rmino se refiere a la reducci\u00f3n de la capacidad del planeta para reflejar la luz solar de vuelta al espacio, lo que provoca una mayor absorci\u00f3n de calor y un incremento en las temperaturas globales.<\/p>\n\n\n\n<p>Investigaciones recientes han demostrado que el albedo terrestre ha disminuido en varias regiones, particularmente en zonas oce\u00e1nicas y polares, donde la reducci\u00f3n del hielo marino y los cambios en la nubosidad han alterado el equilibrio energ\u00e9tico del planeta.<\/p>\n\n\n\n<h3 class=\"wp-block-heading\">Impacto del efecto \u00abespejo sucio\u00bb en el calentamiento global<\/h3>\n\n\n\n<p>Un estudio publicado en <em>Environmental Research Letters<\/em>, dirigido por el profesor Richard Allan de la Universidad de Reading, identific\u00f3 que \u00e1reas tradicionalmente nubladas sobre los oc\u00e9anos, como las costas de California y Namibia, han reducido su capacidad de reflejar la luz solar. <\/p>\n\n\n\n<p>Esto se debe a cambios en la composici\u00f3n y densidad de las nubes, permitiendo que m\u00e1s radiaci\u00f3n solar sea absorbida por los oc\u00e9anos y contribuyendo al aumento de la temperatura global.<\/p>\n\n\n\n<p>Asimismo, la p\u00e9rdida de hielo marino en el \u00c1rtico y la Ant\u00e1rtida ha generado un efecto de retroalimentaci\u00f3n negativa. Desde 1979, el \u00c1rtico ha perdido alrededor de 80.000 km\u00b2 de hielo por a\u00f1o, y se estima que podr\u00eda experimentar su primer verano sin hielo antes de 2030.<\/p>\n\n\n\n<p> A medida que el hielo desaparece, el oc\u00e9ano expuesto absorbe m\u00e1s calor en lugar de reflejarlo, acelerando el deshielo y exacerbando el calentamiento global.<\/p>\n\n\n\n<h3 class=\"wp-block-heading\">La relaci\u00f3n entre contaminaci\u00f3n del aire y el albedo terrestre<\/h3>\n\n\n\n<p>Parad\u00f3jicamente, la reducci\u00f3n de la contaminaci\u00f3n atmosf\u00e9rica en ciertas regiones, como el este de China, ha tenido un efecto inesperado sobre el albedo terrestre. Aunque la disminuci\u00f3n del uso de aerosoles mejora la calidad del aire, tambi\u00e9n permite que m\u00e1s radiaci\u00f3n solar llegue a la superficie terrestre, intensificando el calentamiento global. <\/p>\n\n\n\n<p>Esto plantea un dilema ambiental, ya que las pol\u00edticas destinadas a mejorar la calidad del aire deben considerar sus efectos a largo plazo en el balance energ\u00e9tico del planeta.<\/p>\n\n\n\n<h3 class=\"wp-block-heading\">Consecuencias del \u00abespejo sucio\u00bb en los ecosistemas y la sociedad<\/h3>\n\n\n\n<p>El aumento de la absorci\u00f3n de calor tiene consecuencias significativas para los ecosistemas y las sociedades humanas. Algunos de los efectos m\u00e1s preocupantes incluyen:<\/p>\n\n\n\n<ul class=\"wp-block-list\">\n<li><strong>Alteraciones en los patrones clim\u00e1ticos:<\/strong> Las modificaciones en el albedo pueden intensificar sequ\u00edas, tormentas y huracanes, afectando la agricultura y la seguridad alimentaria.<\/li>\n\n\n\n<li><strong>P\u00e9rdida de biodiversidad:<\/strong> El aumento de las temperaturas amenaza a especies polares y modifica h\u00e1bitats naturales en diversas regiones.<\/li>\n\n\n\n<li><strong>Desaf\u00edos para la mitigaci\u00f3n clim\u00e1tica:<\/strong> La reducci\u00f3n del albedo dificulta los esfuerzos para frenar el calentamiento global, exigiendo estrategias m\u00e1s agresivas para reducir las emisiones de gases de efecto invernadero.<\/li>\n<\/ul>\n\n\n\n<h3 class=\"wp-block-heading\">\u00bfC\u00f3mo podemos mitigar el impacto del efecto \u00abespejo sucio\u00bb?<\/h3>\n\n\n\n<p>Para contrarrestar este fen\u00f3meno, es crucial implementar estrategias de mitigaci\u00f3n y adaptaci\u00f3n, entre ellas:<\/p>\n\n\n\n<ul class=\"wp-block-list\">\n<li><strong>Reducci\u00f3n de emisiones de CO2 y metano:<\/strong> Disminuir la quema de combustibles f\u00f3siles y promover fuentes de energ\u00eda renovable.<\/li>\n\n\n\n<li><strong>Protecci\u00f3n de ecosistemas clave:<\/strong> Preservar bosques y zonas polares para mantener su funci\u00f3n en el equilibrio clim\u00e1tico.<\/li>\n\n\n\n<li><strong>Investigaci\u00f3n en geoingenier\u00eda clim\u00e1tica:<\/strong> Explorar soluciones como la gesti\u00f3n de la radiaci\u00f3n solar para aumentar el albedo de ciertas regiones.<\/li>\n<\/ul>\n\n\n\n<h3 class=\"wp-block-heading\">Conclusi\u00f3n<\/h3>\n\n\n\n<p>El efecto \u00abespejo sucio\u00bb es una evidencia clara de c\u00f3mo las acciones humanas est\u00e1n alterando el equilibrio energ\u00e9tico de la Tierra. La disminuci\u00f3n del albedo terrestre no solo est\u00e1 acelerando el calentamiento global, sino que tambi\u00e9n plantea desaf\u00edos adicionales para la mitigaci\u00f3n del cambio clim\u00e1tico. <\/p>\n\n\n\n<p>La urgencia de adoptar medidas efectivas es innegable, y solo mediante un enfoque global podremos enfrentar este fen\u00f3meno antes de que sus consecuencias sean irreversibles.<\/p>\n\n\n\n<p>Tomado de <a href=\"https:\/\/www.agronegocios.co\/clima\/un-fenomeno-conocido-como-espejo-sucio-podria-contribuir-en-el-cambio-climatico-4086274\">Agronegocios <\/a><br>Editado por <a href=\"https:\/\/croper.com\/\">Croper<\/a><\/p>\n\n\n\n<p><\/p>\n","protected":false},"excerpt":{"rendered":"<p>\u00bfQu\u00e9 es el efecto \u00abespejo sucio\u00bb y c\u00f3mo afecta al planeta? La disminuci\u00f3n del albedo terrestre, conocida como el efecto \u00abespejo sucio\u00bb, es un fen\u00f3meno que est\u00e1 acelerando el calentamiento global. Este t\u00e9rmino se refiere a la reducci\u00f3n de la capacidad del planeta para reflejar la luz solar de vuelta al espacio, lo que provoca [&hellip;]<\/p>\n","protected":false},"author":1,"featured_media":19355,"comment_status":"open","ping_status":"open","sticky":false,"template":"","format":"standard","meta":{"_bbp_topic_count":0,"_bbp_reply_count":0,"_bbp_total_topic_count":0,"_bbp_total_reply_count":0,"_bbp_voice_count":0,"_bbp_anonymous_reply_count":0,"_bbp_topic_count_hidden":0,"_bbp_reply_count_hidden":0,"_bbp_forum_subforum_count":0,"footnotes":""},"categories":[6],"tags":[],"class_list":["post-19354","post","type-post","status-publish","format-standard","has-post-thumbnail","hentry","category-agricultura"],"yoast_head":"<!-- This site is optimized with the Yoast SEO plugin v26.2 - https:\/\/yoast.com\/wordpress\/plugins\/seo\/ -->\n<title>El efecto \u201cespejo sucio\u201d y su impacto en el cambio clim\u00e1tico<\/title>\n<meta name=\"description\" content=\"El efecto \u201cespejo sucio\u201d reduce la capacidad de la Tierra para reflejar la luz solar, acelerando el calentamiento global\" \/>\n<meta name=\"robots\" content=\"index, follow, max-snippet:-1, max-image-preview:large, max-video-preview:-1\" \/>\n<link rel=\"canonical\" href=\"https:\/\/croper.com\/comunidad\/efecto-espejo-sucio\/\" \/>\n<meta property=\"og:locale\" content=\"es_ES\" \/>\n<meta property=\"og:type\" content=\"article\" \/>\n<meta property=\"og:title\" content=\"El efecto \u201cespejo sucio\u201d y su impacto en el cambio clim\u00e1tico\" \/>\n<meta property=\"og:description\" content=\"El efecto \u201cespejo sucio\u201d reduce la capacidad de la Tierra para reflejar la luz solar, acelerando el calentamiento global\" \/>\n<meta property=\"og:url\" content=\"https:\/\/croper.com\/comunidad\/efecto-espejo-sucio\/\" \/>\n<meta property=\"og:site_name\" content=\"Croper News\" \/>\n<meta property=\"article:publisher\" content=\"https:\/\/www.facebook.com\/Croper.co\" \/>\n<meta property=\"article:published_time\" content=\"2025-03-17T14:13:41+00:00\" \/>\n<meta property=\"article:modified_time\" content=\"2025-03-17T14:13:42+00:00\" \/>\n<meta property=\"og:image\" content=\"https:\/\/croper.com\/comunidad\/wp-content\/uploads\/2025\/03\/efecto-espejo-sucio.jpeg\" \/>\n\t<meta property=\"og:image:width\" content=\"474\" \/>\n\t<meta property=\"og:image:height\" content=\"272\" \/>\n\t<meta property=\"og:image:type\" content=\"image\/jpeg\" \/>\n<meta name=\"author\" content=\"Croper\" \/>\n<meta name=\"twitter:card\" content=\"summary_large_image\" \/>\n<meta name=\"twitter:label1\" content=\"Escrito por\" \/>\n\t<meta name=\"twitter:data1\" content=\"Croper\" \/>\n\t<meta name=\"twitter:label2\" content=\"Tiempo de lectura\" \/>\n\t<meta name=\"twitter:data2\" content=\"3 minutos\" \/>\n<script type=\"application\/ld+json\" class=\"yoast-schema-graph\">{\"@context\":\"https:\/\/schema.org\",\"@graph\":[{\"@type\":[\"Article\",\"BlogPosting\"],\"@id\":\"https:\/\/croper.com\/comunidad\/efecto-espejo-sucio\/#article\",\"isPartOf\":{\"@id\":\"https:\/\/croper.com\/comunidad\/efecto-espejo-sucio\/\"},\"author\":{\"name\":\"Croper\",\"@id\":\"https:\/\/croper.com\/comunidad\/#\/schema\/person\/9f0c8e0dd5c1d1bbf258f614401111a1\"},\"headline\":\"El efecto \u201cespejo sucio\u201d: c\u00f3mo la disminuci\u00f3n del albedo terrestre acelera el cambio clim\u00e1tico\",\"datePublished\":\"2025-03-17T14:13:41+00:00\",\"dateModified\":\"2025-03-17T14:13:42+00:00\",\"mainEntityOfPage\":{\"@id\":\"https:\/\/croper.com\/comunidad\/efecto-espejo-sucio\/\"},\"wordCount\":693,\"commentCount\":0,\"publisher\":{\"@id\":\"https:\/\/croper.com\/comunidad\/#organization\"},\"image\":{\"@id\":\"https:\/\/croper.com\/comunidad\/efecto-espejo-sucio\/#primaryimage\"},\"thumbnailUrl\":\"https:\/\/croper.com\/comunidad\/wp-content\/uploads\/2025\/03\/efecto-espejo-sucio.jpeg\",\"articleSection\":[\"Agricultura\"],\"inLanguage\":\"es\",\"potentialAction\":[{\"@type\":\"CommentAction\",\"name\":\"Comment\",\"target\":[\"https:\/\/croper.com\/comunidad\/efecto-espejo-sucio\/#respond\"]}]},{\"@type\":\"WebPage\",\"@id\":\"https:\/\/croper.com\/comunidad\/efecto-espejo-sucio\/\",\"url\":\"https:\/\/croper.com\/comunidad\/efecto-espejo-sucio\/\",\"name\":\"El efecto \u201cespejo sucio\u201d y su impacto en el cambio clim\u00e1tico\",\"isPartOf\":{\"@id\":\"https:\/\/croper.com\/comunidad\/#website\"},\"primaryImageOfPage\":{\"@id\":\"https:\/\/croper.com\/comunidad\/efecto-espejo-sucio\/#primaryimage\"},\"image\":{\"@id\":\"https:\/\/croper.com\/comunidad\/efecto-espejo-sucio\/#primaryimage\"},\"thumbnailUrl\":\"https:\/\/croper.com\/comunidad\/wp-content\/uploads\/2025\/03\/efecto-espejo-sucio.jpeg\",\"datePublished\":\"2025-03-17T14:13:41+00:00\",\"dateModified\":\"2025-03-17T14:13:42+00:00\",\"description\":\"El efecto \u201cespejo sucio\u201d reduce la capacidad de la Tierra para reflejar la luz solar, acelerando el calentamiento global\",\"breadcrumb\":{\"@id\":\"https:\/\/croper.com\/comunidad\/efecto-espejo-sucio\/#breadcrumb\"},\"inLanguage\":\"es\",\"potentialAction\":[{\"@type\":\"ReadAction\",\"target\":[\"https:\/\/croper.com\/comunidad\/efecto-espejo-sucio\/\"]}]},{\"@type\":\"ImageObject\",\"inLanguage\":\"es\",\"@id\":\"https:\/\/croper.com\/comunidad\/efecto-espejo-sucio\/#primaryimage\",\"url\":\"https:\/\/croper.com\/comunidad\/wp-content\/uploads\/2025\/03\/efecto-espejo-sucio.jpeg\",\"contentUrl\":\"https:\/\/croper.com\/comunidad\/wp-content\/uploads\/2025\/03\/efecto-espejo-sucio.jpeg\",\"width\":474,\"height\":272,\"caption\":\"efecto espejo sucio\"},{\"@type\":\"BreadcrumbList\",\"@id\":\"https:\/\/croper.com\/comunidad\/efecto-espejo-sucio\/#breadcrumb\",\"itemListElement\":[{\"@type\":\"ListItem\",\"position\":1,\"name\":\"Inicio\",\"item\":\"https:\/\/croper.com\/comunidad\/\"},{\"@type\":\"ListItem\",\"position\":2,\"name\":\"Agricultura\",\"item\":\"https:\/\/croper.com\/comunidad\/categoria\/agricultura\/\"},{\"@type\":\"ListItem\",\"position\":3,\"name\":\"El efecto \u201cespejo sucio\u201d: c\u00f3mo la disminuci\u00f3n del albedo terrestre acelera el cambio clim\u00e1tico\"}]},{\"@type\":\"WebSite\",\"@id\":\"https:\/\/croper.com\/comunidad\/#website\",\"url\":\"https:\/\/croper.com\/comunidad\/\",\"name\":\"Croper\",\"description\":\"Inf\u00f3rmate sobre agricultura, ganader\u00eda y econom\u00eda rural en Colombia. Noticias del agro actualizadas y casos de \u00e9xito del campo colombiano en Croper News.\",\"publisher\":{\"@id\":\"https:\/\/croper.com\/comunidad\/#organization\"},\"alternateName\":\"Croper Noticias: Informaci\u00f3n actualizada del Agro en Colombia\",\"potentialAction\":[{\"@type\":\"SearchAction\",\"target\":{\"@type\":\"EntryPoint\",\"urlTemplate\":\"https:\/\/croper.com\/comunidad\/?s={search_term_string}\"},\"query-input\":{\"@type\":\"PropertyValueSpecification\",\"valueRequired\":true,\"valueName\":\"search_term_string\"}}],\"inLanguage\":\"es\"},{\"@type\":\"Organization\",\"@id\":\"https:\/\/croper.com\/comunidad\/#organization\",\"name\":\"Croper\",\"alternateName\":\"Noticias del Agro\",\"url\":\"https:\/\/croper.com\/comunidad\/\",\"logo\":{\"@type\":\"ImageObject\",\"inLanguage\":\"es\",\"@id\":\"https:\/\/croper.com\/comunidad\/#\/schema\/logo\/image\/\",\"url\":\"https:\/\/croper.com\/comunidad\/wp-content\/uploads\/2024\/07\/logo_nav-9c5b157b89dc75b64332b82a499d60afafb8109c059d2d1a271453db30fcb14f.svg\",\"contentUrl\":\"https:\/\/croper.com\/comunidad\/wp-content\/uploads\/2024\/07\/logo_nav-9c5b157b89dc75b64332b82a499d60afafb8109c059d2d1a271453db30fcb14f.svg\",\"width\":1104,\"height\":201,\"caption\":\"Croper\"},\"image\":{\"@id\":\"https:\/\/croper.com\/comunidad\/#\/schema\/logo\/image\/\"},\"sameAs\":[\"https:\/\/www.facebook.com\/Croper.co\",\"https:\/\/es.linkedin.com\/company\/agrofuturo\",\"https:\/\/www.instagram.com\/croper.co\/\",\"https:\/\/www.youtube.com\/channel\/UCaginzzd0hPCTB4Ka7rdZ_A\"]},{\"@type\":\"Person\",\"@id\":\"https:\/\/croper.com\/comunidad\/#\/schema\/person\/9f0c8e0dd5c1d1bbf258f614401111a1\",\"name\":\"Croper\",\"image\":{\"@type\":\"ImageObject\",\"inLanguage\":\"es\",\"@id\":\"https:\/\/croper.com\/comunidad\/#\/schema\/person\/image\/\",\"url\":\"https:\/\/secure.gravatar.com\/avatar\/ecbf0198929064404ab3af437adac294146c829b70cdca4a7eb42f4083086e79?s=96&d=mm&r=g\",\"contentUrl\":\"https:\/\/secure.gravatar.com\/avatar\/ecbf0198929064404ab3af437adac294146c829b70cdca4a7eb42f4083086e79?s=96&d=mm&r=g\",\"caption\":\"Croper\"},\"sameAs\":[\"http:\/\/172.175.33.11\/comunidad\"],\"url\":\"https:\/\/croper.com\/comunidad\/author\/56tyrfhdjdas_120z\/\"}]}<\/script>\n<!-- \/ Yoast SEO plugin. -->","yoast_head_json":{"title":"El efecto \u201cespejo sucio\u201d y su impacto en el cambio clim\u00e1tico","description":"El efecto \u201cespejo sucio\u201d reduce la capacidad de la Tierra para reflejar la luz solar, acelerando el calentamiento global","robots":{"index":"index","follow":"follow","max-snippet":"max-snippet:-1","max-image-preview":"max-image-preview:large","max-video-preview":"max-video-preview:-1"},"canonical":"https:\/\/croper.com\/comunidad\/efecto-espejo-sucio\/","og_locale":"es_ES","og_type":"article","og_title":"El efecto \u201cespejo sucio\u201d y su impacto en el cambio clim\u00e1tico","og_description":"El efecto \u201cespejo sucio\u201d reduce la capacidad de la Tierra para reflejar la luz solar, acelerando el calentamiento global","og_url":"https:\/\/croper.com\/comunidad\/efecto-espejo-sucio\/","og_site_name":"Croper News","article_publisher":"https:\/\/www.facebook.com\/Croper.co","article_published_time":"2025-03-17T14:13:41+00:00","article_modified_time":"2025-03-17T14:13:42+00:00","og_image":[{"width":474,"height":272,"url":"https:\/\/croper.com\/comunidad\/wp-content\/uploads\/2025\/03\/efecto-espejo-sucio.jpeg","type":"image\/jpeg"}],"author":"Croper","twitter_card":"summary_large_image","twitter_misc":{"Escrito por":"Croper","Tiempo de lectura":"3 minutos"},"schema":{"@context":"https:\/\/schema.org","@graph":[{"@type":["Article","BlogPosting"],"@id":"https:\/\/croper.com\/comunidad\/efecto-espejo-sucio\/#article","isPartOf":{"@id":"https:\/\/croper.com\/comunidad\/efecto-espejo-sucio\/"},"author":{"name":"Croper","@id":"https:\/\/croper.com\/comunidad\/#\/schema\/person\/9f0c8e0dd5c1d1bbf258f614401111a1"},"headline":"El efecto \u201cespejo sucio\u201d: c\u00f3mo la disminuci\u00f3n del albedo terrestre acelera el cambio clim\u00e1tico","datePublished":"2025-03-17T14:13:41+00:00","dateModified":"2025-03-17T14:13:42+00:00","mainEntityOfPage":{"@id":"https:\/\/croper.com\/comunidad\/efecto-espejo-sucio\/"},"wordCount":693,"commentCount":0,"publisher":{"@id":"https:\/\/croper.com\/comunidad\/#organization"},"image":{"@id":"https:\/\/croper.com\/comunidad\/efecto-espejo-sucio\/#primaryimage"},"thumbnailUrl":"https:\/\/croper.com\/comunidad\/wp-content\/uploads\/2025\/03\/efecto-espejo-sucio.jpeg","articleSection":["Agricultura"],"inLanguage":"es","potentialAction":[{"@type":"CommentAction","name":"Comment","target":["https:\/\/croper.com\/comunidad\/efecto-espejo-sucio\/#respond"]}]},{"@type":"WebPage","@id":"https:\/\/croper.com\/comunidad\/efecto-espejo-sucio\/","url":"https:\/\/croper.com\/comunidad\/efecto-espejo-sucio\/","name":"El efecto \u201cespejo sucio\u201d y su impacto en el cambio clim\u00e1tico","isPartOf":{"@id":"https:\/\/croper.com\/comunidad\/#website"},"primaryImageOfPage":{"@id":"https:\/\/croper.com\/comunidad\/efecto-espejo-sucio\/#primaryimage"},"image":{"@id":"https:\/\/croper.com\/comunidad\/efecto-espejo-sucio\/#primaryimage"},"thumbnailUrl":"https:\/\/croper.com\/comunidad\/wp-content\/uploads\/2025\/03\/efecto-espejo-sucio.jpeg","datePublished":"2025-03-17T14:13:41+00:00","dateModified":"2025-03-17T14:13:42+00:00","description":"El efecto \u201cespejo sucio\u201d reduce la capacidad de la Tierra para reflejar la luz solar, acelerando el calentamiento global","breadcrumb":{"@id":"https:\/\/croper.com\/comunidad\/efecto-espejo-sucio\/#breadcrumb"},"inLanguage":"es","potentialAction":[{"@type":"ReadAction","target":["https:\/\/croper.com\/comunidad\/efecto-espejo-sucio\/"]}]},{"@type":"ImageObject","inLanguage":"es","@id":"https:\/\/croper.com\/comunidad\/efecto-espejo-sucio\/#primaryimage","url":"https:\/\/croper.com\/comunidad\/wp-content\/uploads\/2025\/03\/efecto-espejo-sucio.jpeg","contentUrl":"https:\/\/croper.com\/comunidad\/wp-content\/uploads\/2025\/03\/efecto-espejo-sucio.jpeg","width":474,"height":272,"caption":"efecto espejo sucio"},{"@type":"BreadcrumbList","@id":"https:\/\/croper.com\/comunidad\/efecto-espejo-sucio\/#breadcrumb","itemListElement":[{"@type":"ListItem","position":1,"name":"Inicio","item":"https:\/\/croper.com\/comunidad\/"},{"@type":"ListItem","position":2,"name":"Agricultura","item":"https:\/\/croper.com\/comunidad\/categoria\/agricultura\/"},{"@type":"ListItem","position":3,"name":"El efecto \u201cespejo sucio\u201d: c\u00f3mo la disminuci\u00f3n del albedo terrestre acelera el cambio clim\u00e1tico"}]},{"@type":"WebSite","@id":"https:\/\/croper.com\/comunidad\/#website","url":"https:\/\/croper.com\/comunidad\/","name":"Croper","description":"Inf\u00f3rmate sobre agricultura, ganader\u00eda y econom\u00eda rural en Colombia. Noticias del agro actualizadas y casos de \u00e9xito del campo colombiano en Croper News.","publisher":{"@id":"https:\/\/croper.com\/comunidad\/#organization"},"alternateName":"Croper Noticias: Informaci\u00f3n actualizada del Agro en Colombia","potentialAction":[{"@type":"SearchAction","target":{"@type":"EntryPoint","urlTemplate":"https:\/\/croper.com\/comunidad\/?s={search_term_string}"},"query-input":{"@type":"PropertyValueSpecification","valueRequired":true,"valueName":"search_term_string"}}],"inLanguage":"es"},{"@type":"Organization","@id":"https:\/\/croper.com\/comunidad\/#organization","name":"Croper","alternateName":"Noticias del Agro","url":"https:\/\/croper.com\/comunidad\/","logo":{"@type":"ImageObject","inLanguage":"es","@id":"https:\/\/croper.com\/comunidad\/#\/schema\/logo\/image\/","url":"https:\/\/croper.com\/comunidad\/wp-content\/uploads\/2024\/07\/logo_nav-9c5b157b89dc75b64332b82a499d60afafb8109c059d2d1a271453db30fcb14f.svg","contentUrl":"https:\/\/croper.com\/comunidad\/wp-content\/uploads\/2024\/07\/logo_nav-9c5b157b89dc75b64332b82a499d60afafb8109c059d2d1a271453db30fcb14f.svg","width":1104,"height":201,"caption":"Croper"},"image":{"@id":"https:\/\/croper.com\/comunidad\/#\/schema\/logo\/image\/"},"sameAs":["https:\/\/www.facebook.com\/Croper.co","https:\/\/es.linkedin.com\/company\/agrofuturo","https:\/\/www.instagram.com\/croper.co\/","https:\/\/www.youtube.com\/channel\/UCaginzzd0hPCTB4Ka7rdZ_A"]},{"@type":"Person","@id":"https:\/\/croper.com\/comunidad\/#\/schema\/person\/9f0c8e0dd5c1d1bbf258f614401111a1","name":"Croper","image":{"@type":"ImageObject","inLanguage":"es","@id":"https:\/\/croper.com\/comunidad\/#\/schema\/person\/image\/","url":"https:\/\/secure.gravatar.com\/avatar\/ecbf0198929064404ab3af437adac294146c829b70cdca4a7eb42f4083086e79?s=96&d=mm&r=g","contentUrl":"https:\/\/secure.gravatar.com\/avatar\/ecbf0198929064404ab3af437adac294146c829b70cdca4a7eb42f4083086e79?s=96&d=mm&r=g","caption":"Croper"},"sameAs":["http:\/\/172.175.33.11\/comunidad"],"url":"https:\/\/croper.com\/comunidad\/author\/56tyrfhdjdas_120z\/"}]}},"_links":{"self":[{"href":"https:\/\/croper.com\/comunidad\/wp-json\/wp\/v2\/posts\/19354","targetHints":{"allow":["GET"]}}],"collection":[{"href":"https:\/\/croper.com\/comunidad\/wp-json\/wp\/v2\/posts"}],"about":[{"href":"https:\/\/croper.com\/comunidad\/wp-json\/wp\/v2\/types\/post"}],"author":[{"embeddable":true,"href":"https:\/\/croper.com\/comunidad\/wp-json\/wp\/v2\/users\/1"}],"replies":[{"embeddable":true,"href":"https:\/\/croper.com\/comunidad\/wp-json\/wp\/v2\/comments?post=19354"}],"version-history":[{"count":1,"href":"https:\/\/croper.com\/comunidad\/wp-json\/wp\/v2\/posts\/19354\/revisions"}],"predecessor-version":[{"id":19356,"href":"https:\/\/croper.com\/comunidad\/wp-json\/wp\/v2\/posts\/19354\/revisions\/19356"}],"wp:featuredmedia":[{"embeddable":true,"href":"https:\/\/croper.com\/comunidad\/wp-json\/wp\/v2\/media\/19355"}],"wp:attachment":[{"href":"https:\/\/croper.com\/comunidad\/wp-json\/wp\/v2\/media?parent=19354"}],"wp:term":[{"taxonomy":"category","embeddable":true,"href":"https:\/\/croper.com\/comunidad\/wp-json\/wp\/v2\/categories?post=19354"},{"taxonomy":"post_tag","embeddable":true,"href":"https:\/\/croper.com\/comunidad\/wp-json\/wp\/v2\/tags?post=19354"}],"curies":[{"name":"wp","href":"https:\/\/api.w.org\/{rel}","templated":true}]}}