{"id":19232,"date":"2025-03-06T09:33:21","date_gmt":"2025-03-06T14:33:21","guid":{"rendered":"https:\/\/croper.com\/comunidad\/?p=19232"},"modified":"2025-03-06T09:33:22","modified_gmt":"2025-03-06T14:33:22","slug":"las-abejas-nativas-impulsan-la-produccion-de-cafe-en-un-15-o-mas","status":"publish","type":"post","link":"https:\/\/croper.com\/comunidad\/las-abejas-nativas-impulsan-la-produccion-de-cafe-en-un-15-o-mas\/","title":{"rendered":"Las Abejas Nativas Impulsan la Producci\u00f3n de Caf\u00e9 en un 15% o M\u00e1s"},"content":{"rendered":"\n<p>Las abejas nativas impulsan la producci\u00f3n de caf\u00e9 en un 15% o m\u00e1s, desempe\u00f1ando un papel esencial en la polinizaci\u00f3n de los cafetales y la biodiversidad de los agroecosistemas. En las fincas cafeteras de Palmira, Colombia, se han identificado al menos 96 especies de abejas aut\u00f3ctonas, cuya presencia no solo mejora el rendimiento de los cultivos, sino que tambi\u00e9n fortalece la sostenibilidad del ecosistema.<\/p>\n\n\n\n<h3 class=\"wp-block-heading\"><strong>El Rol Clave de las Abejas Nativas en los Cafetales<\/strong><\/h3>\n\n\n\n<h4 class=\"wp-block-heading\"><strong>Polinizaci\u00f3n Eficiente y Aumento de la Productividad<\/strong><\/h4>\n\n\n\n<p>Aunque las plantas de caf\u00e9 tienen la capacidad de autopolinizarse, diversos estudios han demostrado que la actividad de las abejas mejora significativamente la calidad y cantidad de frutos producidos. Este incremento en la eficiencia de polinizaci\u00f3n se traduce en una mayor cosecha de caf\u00e9, beneficiando directamente a los caficultores.<\/p>\n\n\n\n<h4 class=\"wp-block-heading\"><strong>Diversidad de Especies y su Impacto en la Biodiversidad<\/strong><\/h4>\n\n\n\n<p>Las fincas cafeteras de Palmira albergan una amplia variedad de abejas nativas, incluidas las abejas sin aguij\u00f3n (Meliponini) y las abejas de las orqu\u00eddeas (Euglossini). Cada una cumple una funci\u00f3n espec\u00edfica en la polinizaci\u00f3n y ayuda a preservar el equilibrio ecol\u00f3gico del entorno.<\/p>\n\n\n\n<h4 class=\"wp-block-heading\"><strong>Conservaci\u00f3n del Ecosistema y Beneficios a Largo Plazo<\/strong><\/h4>\n\n\n\n<p>La presencia de abejas nativas no solo favorece la producci\u00f3n de caf\u00e9, sino que tambi\u00e9n contribuye a la regeneraci\u00f3n de flora silvestre. Esto, a su vez, sostiene la vida de otros insectos y especies animales, promoviendo la biodiversidad dentro de los cafetales.<\/p>\n\n\n\n<h3 class=\"wp-block-heading\"><strong>Estrategias para la Protecci\u00f3n y Conservaci\u00f3n de las Abejas Nativas<\/strong><\/h3>\n\n\n\n<h4 class=\"wp-block-heading\"><strong>Capacitaci\u00f3n y Concienciaci\u00f3n de los Caficultores<\/strong><\/h4>\n\n\n\n<p>Es fundamental educar a los productores sobre la importancia de las abejas nativas en la productividad y sostenibilidad de sus cultivos. Programas de sensibilizaci\u00f3n y capacitaciones pueden fomentar pr\u00e1cticas agr\u00edcolas amigables con los polinizadores.<\/p>\n\n\n\n<h4 class=\"wp-block-heading\"><strong>Creaci\u00f3n de H\u00e1bitats Adecuados<\/strong><\/h4>\n\n\n\n<p>El establecimiento de refugios naturales, como troncos huecos y colmenas artificiales, ayuda a mantener y atraer a las abejas. Estas iniciativas pueden integrarse de manera sencilla en el dise\u00f1o de las fincas para garantizar la permanencia de las especies polinizadoras.<\/p>\n\n\n\n<h4 class=\"wp-block-heading\"><strong>Uso Responsable de Agroqu\u00edmicos<\/strong><\/h4>\n\n\n\n<p>La aplicaci\u00f3n indiscriminada de pesticidas representa una amenaza para las abejas. Adoptar el manejo integrado de plagas y optar por alternativas ecol\u00f3gicas mitiga los riesgos, protegiendo tanto a los polinizadores como al ecosistema cafetalero.<\/p>\n\n\n\n<p>Las abejas nativas son aliadas clave en la producci\u00f3n de caf\u00e9 y la preservaci\u00f3n ambiental. Su conservaci\u00f3n es esencial para asegurar la sostenibilidad de las fincas cafeteras y la salud de los ecosistemas. Un trabajo conjunto entre caficultores, investigadores y comunidades puede garantizar la protecci\u00f3n de estas valiosas polinizadoras, promoviendo un equilibrio entre productividad y biodiversidad.<\/p>\n\n\n\n<p><strong>Fuente:<\/strong> <a href=\"https:\/\/www.agronegocios.co\/\">Agronegocios.co<\/a><br><strong>Editado por:<\/strong> <a href=\"https:\/\/croper.com\/\">Croper<\/a><\/p>\n","protected":false},"excerpt":{"rendered":"<p>Las abejas nativas impulsan la producci\u00f3n de caf\u00e9 en un 15% o m\u00e1s, desempe\u00f1ando un papel esencial en la polinizaci\u00f3n de los cafetales y la biodiversidad de los agroecosistemas. En las fincas cafeteras de Palmira, Colombia, se han identificado al menos 96 especies de abejas aut\u00f3ctonas, cuya presencia no solo mejora el rendimiento de los [&hellip;]<\/p>\n","protected":false},"author":1,"featured_media":19233,"comment_status":"open","ping_status":"open","sticky":false,"template":"","format":"standard","meta":{"_bbp_topic_count":0,"_bbp_reply_count":0,"_bbp_total_topic_count":0,"_bbp_total_reply_count":0,"_bbp_voice_count":0,"_bbp_anonymous_reply_count":0,"_bbp_topic_count_hidden":0,"_bbp_reply_count_hidden":0,"_bbp_forum_subforum_count":0,"footnotes":""},"categories":[6],"tags":[],"class_list":["post-19232","post","type-post","status-publish","format-standard","has-post-thumbnail","hentry","category-agricultura"],"yoast_head":"<!-- This site is optimized with the Yoast SEO plugin v26.2 - https:\/\/yoast.com\/wordpress\/plugins\/seo\/ -->\n<title>Las abejas nativas impulsan la producci\u00f3n de caf\u00e9 en un 15%<\/title>\n<meta name=\"description\" content=\"Las abejas nativas impulsan la producci\u00f3n de caf\u00e9 en un 15% o m\u00e1s, mejorando la polinizaci\u00f3n y la biodiversidad en los cafetales.s\" \/>\n<meta name=\"robots\" content=\"index, follow, max-snippet:-1, max-image-preview:large, max-video-preview:-1\" \/>\n<link rel=\"canonical\" href=\"https:\/\/croper.com\/comunidad\/las-abejas-nativas-impulsan-la-produccion-de-cafe-en-un-15-o-mas\/\" \/>\n<meta property=\"og:locale\" content=\"es_ES\" \/>\n<meta property=\"og:type\" content=\"article\" \/>\n<meta property=\"og:title\" content=\"Las abejas nativas impulsan la producci\u00f3n de caf\u00e9 en un 15%\" \/>\n<meta property=\"og:description\" content=\"Las abejas nativas impulsan la producci\u00f3n de caf\u00e9 en un 15% o m\u00e1s, mejorando la polinizaci\u00f3n y la biodiversidad en los cafetales.s\" \/>\n<meta property=\"og:url\" content=\"https:\/\/croper.com\/comunidad\/las-abejas-nativas-impulsan-la-produccion-de-cafe-en-un-15-o-mas\/\" \/>\n<meta property=\"og:site_name\" content=\"Croper News\" \/>\n<meta property=\"article:publisher\" content=\"https:\/\/www.facebook.com\/Croper.co\" \/>\n<meta property=\"article:published_time\" content=\"2025-03-06T14:33:21+00:00\" \/>\n<meta property=\"article:modified_time\" content=\"2025-03-06T14:33:22+00:00\" \/>\n<meta property=\"og:image\" content=\"https:\/\/croper.com\/comunidad\/wp-content\/uploads\/2025\/03\/Las-abejas-nativas-impulsan-la-produccion-de-cafe-en-un-15-o-mas.jpeg\" \/>\n\t<meta property=\"og:image:width\" content=\"474\" \/>\n\t<meta property=\"og:image:height\" content=\"301\" \/>\n\t<meta property=\"og:image:type\" content=\"image\/jpeg\" \/>\n<meta name=\"author\" content=\"Croper\" \/>\n<meta name=\"twitter:card\" content=\"summary_large_image\" \/>\n<meta name=\"twitter:label1\" content=\"Escrito por\" \/>\n\t<meta name=\"twitter:data1\" content=\"Croper\" \/>\n\t<meta name=\"twitter:label2\" content=\"Tiempo de lectura\" \/>\n\t<meta name=\"twitter:data2\" content=\"3 minutos\" \/>\n<script type=\"application\/ld+json\" class=\"yoast-schema-graph\">{\"@context\":\"https:\/\/schema.org\",\"@graph\":[{\"@type\":[\"Article\",\"BlogPosting\"],\"@id\":\"https:\/\/croper.com\/comunidad\/las-abejas-nativas-impulsan-la-produccion-de-cafe-en-un-15-o-mas\/#article\",\"isPartOf\":{\"@id\":\"https:\/\/croper.com\/comunidad\/las-abejas-nativas-impulsan-la-produccion-de-cafe-en-un-15-o-mas\/\"},\"author\":{\"name\":\"Croper\",\"@id\":\"https:\/\/croper.com\/comunidad\/#\/schema\/person\/9f0c8e0dd5c1d1bbf258f614401111a1\"},\"headline\":\"Las Abejas Nativas Impulsan la Producci\u00f3n de Caf\u00e9 en un 15% o M\u00e1s\",\"datePublished\":\"2025-03-06T14:33:21+00:00\",\"dateModified\":\"2025-03-06T14:33:22+00:00\",\"mainEntityOfPage\":{\"@id\":\"https:\/\/croper.com\/comunidad\/las-abejas-nativas-impulsan-la-produccion-de-cafe-en-un-15-o-mas\/\"},\"wordCount\":473,\"commentCount\":0,\"publisher\":{\"@id\":\"https:\/\/croper.com\/comunidad\/#organization\"},\"image\":{\"@id\":\"https:\/\/croper.com\/comunidad\/las-abejas-nativas-impulsan-la-produccion-de-cafe-en-un-15-o-mas\/#primaryimage\"},\"thumbnailUrl\":\"https:\/\/croper.com\/comunidad\/wp-content\/uploads\/2025\/03\/Las-abejas-nativas-impulsan-la-produccion-de-cafe-en-un-15-o-mas.jpeg\",\"articleSection\":[\"Agricultura\"],\"inLanguage\":\"es\",\"potentialAction\":[{\"@type\":\"CommentAction\",\"name\":\"Comment\",\"target\":[\"https:\/\/croper.com\/comunidad\/las-abejas-nativas-impulsan-la-produccion-de-cafe-en-un-15-o-mas\/#respond\"]}]},{\"@type\":\"WebPage\",\"@id\":\"https:\/\/croper.com\/comunidad\/las-abejas-nativas-impulsan-la-produccion-de-cafe-en-un-15-o-mas\/\",\"url\":\"https:\/\/croper.com\/comunidad\/las-abejas-nativas-impulsan-la-produccion-de-cafe-en-un-15-o-mas\/\",\"name\":\"Las abejas nativas impulsan la producci\u00f3n de caf\u00e9 en un 15%\",\"isPartOf\":{\"@id\":\"https:\/\/croper.com\/comunidad\/#website\"},\"primaryImageOfPage\":{\"@id\":\"https:\/\/croper.com\/comunidad\/las-abejas-nativas-impulsan-la-produccion-de-cafe-en-un-15-o-mas\/#primaryimage\"},\"image\":{\"@id\":\"https:\/\/croper.com\/comunidad\/las-abejas-nativas-impulsan-la-produccion-de-cafe-en-un-15-o-mas\/#primaryimage\"},\"thumbnailUrl\":\"https:\/\/croper.com\/comunidad\/wp-content\/uploads\/2025\/03\/Las-abejas-nativas-impulsan-la-produccion-de-cafe-en-un-15-o-mas.jpeg\",\"datePublished\":\"2025-03-06T14:33:21+00:00\",\"dateModified\":\"2025-03-06T14:33:22+00:00\",\"description\":\"Las abejas nativas impulsan la producci\u00f3n de caf\u00e9 en un 15% o m\u00e1s, mejorando la polinizaci\u00f3n y la biodiversidad en los cafetales.s\",\"breadcrumb\":{\"@id\":\"https:\/\/croper.com\/comunidad\/las-abejas-nativas-impulsan-la-produccion-de-cafe-en-un-15-o-mas\/#breadcrumb\"},\"inLanguage\":\"es\",\"potentialAction\":[{\"@type\":\"ReadAction\",\"target\":[\"https:\/\/croper.com\/comunidad\/las-abejas-nativas-impulsan-la-produccion-de-cafe-en-un-15-o-mas\/\"]}]},{\"@type\":\"ImageObject\",\"inLanguage\":\"es\",\"@id\":\"https:\/\/croper.com\/comunidad\/las-abejas-nativas-impulsan-la-produccion-de-cafe-en-un-15-o-mas\/#primaryimage\",\"url\":\"https:\/\/croper.com\/comunidad\/wp-content\/uploads\/2025\/03\/Las-abejas-nativas-impulsan-la-produccion-de-cafe-en-un-15-o-mas.jpeg\",\"contentUrl\":\"https:\/\/croper.com\/comunidad\/wp-content\/uploads\/2025\/03\/Las-abejas-nativas-impulsan-la-produccion-de-cafe-en-un-15-o-mas.jpeg\",\"width\":474,\"height\":301,\"caption\":\"Las abejas nativas impulsan la producci\u00f3n de caf\u00e9 en un 15% o m\u00e1s\"},{\"@type\":\"BreadcrumbList\",\"@id\":\"https:\/\/croper.com\/comunidad\/las-abejas-nativas-impulsan-la-produccion-de-cafe-en-un-15-o-mas\/#breadcrumb\",\"itemListElement\":[{\"@type\":\"ListItem\",\"position\":1,\"name\":\"Inicio\",\"item\":\"https:\/\/croper.com\/comunidad\/\"},{\"@type\":\"ListItem\",\"position\":2,\"name\":\"Agricultura\",\"item\":\"https:\/\/croper.com\/comunidad\/categoria\/agricultura\/\"},{\"@type\":\"ListItem\",\"position\":3,\"name\":\"Las Abejas Nativas Impulsan la Producci\u00f3n de Caf\u00e9 en un 15% o M\u00e1s\"}]},{\"@type\":\"WebSite\",\"@id\":\"https:\/\/croper.com\/comunidad\/#website\",\"url\":\"https:\/\/croper.com\/comunidad\/\",\"name\":\"Croper\",\"description\":\"Inf\u00f3rmate sobre agricultura, ganader\u00eda y econom\u00eda rural en Colombia. Noticias del agro actualizadas y casos de \u00e9xito del campo colombiano en Croper News.\",\"publisher\":{\"@id\":\"https:\/\/croper.com\/comunidad\/#organization\"},\"alternateName\":\"Croper Noticias: Informaci\u00f3n actualizada del Agro en Colombia\",\"potentialAction\":[{\"@type\":\"SearchAction\",\"target\":{\"@type\":\"EntryPoint\",\"urlTemplate\":\"https:\/\/croper.com\/comunidad\/?s={search_term_string}\"},\"query-input\":{\"@type\":\"PropertyValueSpecification\",\"valueRequired\":true,\"valueName\":\"search_term_string\"}}],\"inLanguage\":\"es\"},{\"@type\":\"Organization\",\"@id\":\"https:\/\/croper.com\/comunidad\/#organization\",\"name\":\"Croper\",\"alternateName\":\"Noticias del Agro\",\"url\":\"https:\/\/croper.com\/comunidad\/\",\"logo\":{\"@type\":\"ImageObject\",\"inLanguage\":\"es\",\"@id\":\"https:\/\/croper.com\/comunidad\/#\/schema\/logo\/image\/\",\"url\":\"https:\/\/croper.com\/comunidad\/wp-content\/uploads\/2024\/07\/logo_nav-9c5b157b89dc75b64332b82a499d60afafb8109c059d2d1a271453db30fcb14f.svg\",\"contentUrl\":\"https:\/\/croper.com\/comunidad\/wp-content\/uploads\/2024\/07\/logo_nav-9c5b157b89dc75b64332b82a499d60afafb8109c059d2d1a271453db30fcb14f.svg\",\"width\":1104,\"height\":201,\"caption\":\"Croper\"},\"image\":{\"@id\":\"https:\/\/croper.com\/comunidad\/#\/schema\/logo\/image\/\"},\"sameAs\":[\"https:\/\/www.facebook.com\/Croper.co\",\"https:\/\/es.linkedin.com\/company\/agrofuturo\",\"https:\/\/www.instagram.com\/croper.co\/\",\"https:\/\/www.youtube.com\/channel\/UCaginzzd0hPCTB4Ka7rdZ_A\"]},{\"@type\":\"Person\",\"@id\":\"https:\/\/croper.com\/comunidad\/#\/schema\/person\/9f0c8e0dd5c1d1bbf258f614401111a1\",\"name\":\"Croper\",\"image\":{\"@type\":\"ImageObject\",\"inLanguage\":\"es\",\"@id\":\"https:\/\/croper.com\/comunidad\/#\/schema\/person\/image\/\",\"url\":\"https:\/\/secure.gravatar.com\/avatar\/ecbf0198929064404ab3af437adac294146c829b70cdca4a7eb42f4083086e79?s=96&d=mm&r=g\",\"contentUrl\":\"https:\/\/secure.gravatar.com\/avatar\/ecbf0198929064404ab3af437adac294146c829b70cdca4a7eb42f4083086e79?s=96&d=mm&r=g\",\"caption\":\"Croper\"},\"sameAs\":[\"http:\/\/172.175.33.11\/comunidad\"],\"url\":\"https:\/\/croper.com\/comunidad\/author\/56tyrfhdjdas_120z\/\"}]}<\/script>\n<!-- \/ Yoast SEO plugin. -->","yoast_head_json":{"title":"Las abejas nativas impulsan la producci\u00f3n de caf\u00e9 en un 15%","description":"Las abejas nativas impulsan la producci\u00f3n de caf\u00e9 en un 15% o m\u00e1s, mejorando la polinizaci\u00f3n y la biodiversidad en los cafetales.s","robots":{"index":"index","follow":"follow","max-snippet":"max-snippet:-1","max-image-preview":"max-image-preview:large","max-video-preview":"max-video-preview:-1"},"canonical":"https:\/\/croper.com\/comunidad\/las-abejas-nativas-impulsan-la-produccion-de-cafe-en-un-15-o-mas\/","og_locale":"es_ES","og_type":"article","og_title":"Las abejas nativas impulsan la producci\u00f3n de caf\u00e9 en un 15%","og_description":"Las abejas nativas impulsan la producci\u00f3n de caf\u00e9 en un 15% o m\u00e1s, mejorando la polinizaci\u00f3n y la biodiversidad en los cafetales.s","og_url":"https:\/\/croper.com\/comunidad\/las-abejas-nativas-impulsan-la-produccion-de-cafe-en-un-15-o-mas\/","og_site_name":"Croper News","article_publisher":"https:\/\/www.facebook.com\/Croper.co","article_published_time":"2025-03-06T14:33:21+00:00","article_modified_time":"2025-03-06T14:33:22+00:00","og_image":[{"width":474,"height":301,"url":"https:\/\/croper.com\/comunidad\/wp-content\/uploads\/2025\/03\/Las-abejas-nativas-impulsan-la-produccion-de-cafe-en-un-15-o-mas.jpeg","type":"image\/jpeg"}],"author":"Croper","twitter_card":"summary_large_image","twitter_misc":{"Escrito por":"Croper","Tiempo de lectura":"3 minutos"},"schema":{"@context":"https:\/\/schema.org","@graph":[{"@type":["Article","BlogPosting"],"@id":"https:\/\/croper.com\/comunidad\/las-abejas-nativas-impulsan-la-produccion-de-cafe-en-un-15-o-mas\/#article","isPartOf":{"@id":"https:\/\/croper.com\/comunidad\/las-abejas-nativas-impulsan-la-produccion-de-cafe-en-un-15-o-mas\/"},"author":{"name":"Croper","@id":"https:\/\/croper.com\/comunidad\/#\/schema\/person\/9f0c8e0dd5c1d1bbf258f614401111a1"},"headline":"Las Abejas Nativas Impulsan la Producci\u00f3n de Caf\u00e9 en un 15% o M\u00e1s","datePublished":"2025-03-06T14:33:21+00:00","dateModified":"2025-03-06T14:33:22+00:00","mainEntityOfPage":{"@id":"https:\/\/croper.com\/comunidad\/las-abejas-nativas-impulsan-la-produccion-de-cafe-en-un-15-o-mas\/"},"wordCount":473,"commentCount":0,"publisher":{"@id":"https:\/\/croper.com\/comunidad\/#organization"},"image":{"@id":"https:\/\/croper.com\/comunidad\/las-abejas-nativas-impulsan-la-produccion-de-cafe-en-un-15-o-mas\/#primaryimage"},"thumbnailUrl":"https:\/\/croper.com\/comunidad\/wp-content\/uploads\/2025\/03\/Las-abejas-nativas-impulsan-la-produccion-de-cafe-en-un-15-o-mas.jpeg","articleSection":["Agricultura"],"inLanguage":"es","potentialAction":[{"@type":"CommentAction","name":"Comment","target":["https:\/\/croper.com\/comunidad\/las-abejas-nativas-impulsan-la-produccion-de-cafe-en-un-15-o-mas\/#respond"]}]},{"@type":"WebPage","@id":"https:\/\/croper.com\/comunidad\/las-abejas-nativas-impulsan-la-produccion-de-cafe-en-un-15-o-mas\/","url":"https:\/\/croper.com\/comunidad\/las-abejas-nativas-impulsan-la-produccion-de-cafe-en-un-15-o-mas\/","name":"Las abejas nativas impulsan la producci\u00f3n de caf\u00e9 en un 15%","isPartOf":{"@id":"https:\/\/croper.com\/comunidad\/#website"},"primaryImageOfPage":{"@id":"https:\/\/croper.com\/comunidad\/las-abejas-nativas-impulsan-la-produccion-de-cafe-en-un-15-o-mas\/#primaryimage"},"image":{"@id":"https:\/\/croper.com\/comunidad\/las-abejas-nativas-impulsan-la-produccion-de-cafe-en-un-15-o-mas\/#primaryimage"},"thumbnailUrl":"https:\/\/croper.com\/comunidad\/wp-content\/uploads\/2025\/03\/Las-abejas-nativas-impulsan-la-produccion-de-cafe-en-un-15-o-mas.jpeg","datePublished":"2025-03-06T14:33:21+00:00","dateModified":"2025-03-06T14:33:22+00:00","description":"Las abejas nativas impulsan la producci\u00f3n de caf\u00e9 en un 15% o m\u00e1s, mejorando la polinizaci\u00f3n y la biodiversidad en los cafetales.s","breadcrumb":{"@id":"https:\/\/croper.com\/comunidad\/las-abejas-nativas-impulsan-la-produccion-de-cafe-en-un-15-o-mas\/#breadcrumb"},"inLanguage":"es","potentialAction":[{"@type":"ReadAction","target":["https:\/\/croper.com\/comunidad\/las-abejas-nativas-impulsan-la-produccion-de-cafe-en-un-15-o-mas\/"]}]},{"@type":"ImageObject","inLanguage":"es","@id":"https:\/\/croper.com\/comunidad\/las-abejas-nativas-impulsan-la-produccion-de-cafe-en-un-15-o-mas\/#primaryimage","url":"https:\/\/croper.com\/comunidad\/wp-content\/uploads\/2025\/03\/Las-abejas-nativas-impulsan-la-produccion-de-cafe-en-un-15-o-mas.jpeg","contentUrl":"https:\/\/croper.com\/comunidad\/wp-content\/uploads\/2025\/03\/Las-abejas-nativas-impulsan-la-produccion-de-cafe-en-un-15-o-mas.jpeg","width":474,"height":301,"caption":"Las abejas nativas impulsan la producci\u00f3n de caf\u00e9 en un 15% o m\u00e1s"},{"@type":"BreadcrumbList","@id":"https:\/\/croper.com\/comunidad\/las-abejas-nativas-impulsan-la-produccion-de-cafe-en-un-15-o-mas\/#breadcrumb","itemListElement":[{"@type":"ListItem","position":1,"name":"Inicio","item":"https:\/\/croper.com\/comunidad\/"},{"@type":"ListItem","position":2,"name":"Agricultura","item":"https:\/\/croper.com\/comunidad\/categoria\/agricultura\/"},{"@type":"ListItem","position":3,"name":"Las Abejas Nativas Impulsan la Producci\u00f3n de Caf\u00e9 en un 15% o M\u00e1s"}]},{"@type":"WebSite","@id":"https:\/\/croper.com\/comunidad\/#website","url":"https:\/\/croper.com\/comunidad\/","name":"Croper","description":"Inf\u00f3rmate sobre agricultura, ganader\u00eda y econom\u00eda rural en Colombia. Noticias del agro actualizadas y casos de \u00e9xito del campo colombiano en Croper News.","publisher":{"@id":"https:\/\/croper.com\/comunidad\/#organization"},"alternateName":"Croper Noticias: Informaci\u00f3n actualizada del Agro en Colombia","potentialAction":[{"@type":"SearchAction","target":{"@type":"EntryPoint","urlTemplate":"https:\/\/croper.com\/comunidad\/?s={search_term_string}"},"query-input":{"@type":"PropertyValueSpecification","valueRequired":true,"valueName":"search_term_string"}}],"inLanguage":"es"},{"@type":"Organization","@id":"https:\/\/croper.com\/comunidad\/#organization","name":"Croper","alternateName":"Noticias del Agro","url":"https:\/\/croper.com\/comunidad\/","logo":{"@type":"ImageObject","inLanguage":"es","@id":"https:\/\/croper.com\/comunidad\/#\/schema\/logo\/image\/","url":"https:\/\/croper.com\/comunidad\/wp-content\/uploads\/2024\/07\/logo_nav-9c5b157b89dc75b64332b82a499d60afafb8109c059d2d1a271453db30fcb14f.svg","contentUrl":"https:\/\/croper.com\/comunidad\/wp-content\/uploads\/2024\/07\/logo_nav-9c5b157b89dc75b64332b82a499d60afafb8109c059d2d1a271453db30fcb14f.svg","width":1104,"height":201,"caption":"Croper"},"image":{"@id":"https:\/\/croper.com\/comunidad\/#\/schema\/logo\/image\/"},"sameAs":["https:\/\/www.facebook.com\/Croper.co","https:\/\/es.linkedin.com\/company\/agrofuturo","https:\/\/www.instagram.com\/croper.co\/","https:\/\/www.youtube.com\/channel\/UCaginzzd0hPCTB4Ka7rdZ_A"]},{"@type":"Person","@id":"https:\/\/croper.com\/comunidad\/#\/schema\/person\/9f0c8e0dd5c1d1bbf258f614401111a1","name":"Croper","image":{"@type":"ImageObject","inLanguage":"es","@id":"https:\/\/croper.com\/comunidad\/#\/schema\/person\/image\/","url":"https:\/\/secure.gravatar.com\/avatar\/ecbf0198929064404ab3af437adac294146c829b70cdca4a7eb42f4083086e79?s=96&d=mm&r=g","contentUrl":"https:\/\/secure.gravatar.com\/avatar\/ecbf0198929064404ab3af437adac294146c829b70cdca4a7eb42f4083086e79?s=96&d=mm&r=g","caption":"Croper"},"sameAs":["http:\/\/172.175.33.11\/comunidad"],"url":"https:\/\/croper.com\/comunidad\/author\/56tyrfhdjdas_120z\/"}]}},"_links":{"self":[{"href":"https:\/\/croper.com\/comunidad\/wp-json\/wp\/v2\/posts\/19232","targetHints":{"allow":["GET"]}}],"collection":[{"href":"https:\/\/croper.com\/comunidad\/wp-json\/wp\/v2\/posts"}],"about":[{"href":"https:\/\/croper.com\/comunidad\/wp-json\/wp\/v2\/types\/post"}],"author":[{"embeddable":true,"href":"https:\/\/croper.com\/comunidad\/wp-json\/wp\/v2\/users\/1"}],"replies":[{"embeddable":true,"href":"https:\/\/croper.com\/comunidad\/wp-json\/wp\/v2\/comments?post=19232"}],"version-history":[{"count":1,"href":"https:\/\/croper.com\/comunidad\/wp-json\/wp\/v2\/posts\/19232\/revisions"}],"predecessor-version":[{"id":19234,"href":"https:\/\/croper.com\/comunidad\/wp-json\/wp\/v2\/posts\/19232\/revisions\/19234"}],"wp:featuredmedia":[{"embeddable":true,"href":"https:\/\/croper.com\/comunidad\/wp-json\/wp\/v2\/media\/19233"}],"wp:attachment":[{"href":"https:\/\/croper.com\/comunidad\/wp-json\/wp\/v2\/media?parent=19232"}],"wp:term":[{"taxonomy":"category","embeddable":true,"href":"https:\/\/croper.com\/comunidad\/wp-json\/wp\/v2\/categories?post=19232"},{"taxonomy":"post_tag","embeddable":true,"href":"https:\/\/croper.com\/comunidad\/wp-json\/wp\/v2\/tags?post=19232"}],"curies":[{"name":"wp","href":"https:\/\/api.w.org\/{rel}","templated":true}]}}